{"id":473,"date":"2009-08-26T11:44:21","date_gmt":"2009-08-26T12:44:21","guid":{"rendered":"https:\/\/turanuslu.net\/?p=473"},"modified":"2022-01-14T09:30:09","modified_gmt":"2022-01-14T09:30:09","slug":"ankilozan-spondilit","status":"publish","type":"post","link":"https:\/\/turanuslu.net\/es\/ankilozan-spondilit\/","title":{"rendered":"Ankilozan Spondilit"},"content":{"rendered":"<h2>Ankilozan Spondilit<\/h2>\n<p style=\"text-align: justify;\">Ankilozan spondilit (AS); \u00f6ncelikle omurgay\u0131 ve sakroiliak eklem dedi\u011fimiz, le\u011fen kemi\u011fi ile sa\u011fr\u0131 (sakrum ) kemi\u011fi aras\u0131ndaki eklemleri tutan kronik bir hastal\u0131kt\u0131r. Hastal\u0131k; g\u00f6z, kalp, kalp kapak\u00e7\u0131klar\u0131 ve akci\u011ferleri de etkileyebilir.<\/p>\n<p><img class=\"lazyload\" decoding=\"async\" style=\"border: 0pt none;\" src=\"data:image\/svg+xml,%3Csvg%20xmlns%3D%27http%3A%2F%2Fwww.w3.org%2F2000%2Fsvg%27%20width%3D%27350%27%20height%3D%27300%27%20viewBox%3D%270%200%20350%20300%27%3E%3Crect%20width%3D%27350%27%20height%3D%27300%27%20fill-opacity%3D%220%22%2F%3E%3C%2Fsvg%3E\" data-orig-src=\"https:\/\/turanuslu.net\/icerikresimleri\/as\/asp1.jpg\" alt=\"\" width=\"350\" height=\"300\" border=\"0\" \/><\/p>\n<p style=\"text-align: justify;\"><!--more--><\/p>\n<p style=\"text-align: justify;\">AS&#8217;in g\u00f6r\u00fclme s\u0131kl\u0131\u011f\u0131 toplumdan topluma de\u011fi\u015fmekle birlikte, ortalama olarak her bin ki\u015fide 1 ile 2 aras\u0131ndad\u0131r. Daha \u00e7ok erkeklerde g\u00f6r\u00fcl\u00fcr. Kendisi ankilozan spondilit&#8217; e yakalanan ki\u015finin \u00e7ocuklar\u0131nda da bu hastal\u0131\u011f\u0131n g\u00f6r\u00fclme riski % 10 ile 20 aras\u0131ndad\u0131r.<\/p>\n<div style=\"text-align: justify;\">AS&#8217;in olu\u015fma mekanizmas\u0131, olduk\u00e7a karma\u015f\u0131k olmakla birlikte, en genel kabul edilen g\u00f6r\u00fc\u015f, hastal\u0131\u011f\u0131n bir tak\u0131m ba\u011f\u0131rsak ve \u00fcreme sistemi enfeksiyonlar\u0131na yol a\u00e7an bakteri t\u00fcrlerinin ba\u011f\u0131\u015f\u0131kl\u0131k sistemini uyarmas\u0131 sonucu ortaya \u00e7\u0131kt\u0131\u011f\u0131d\u0131r.<\/div>\n<p style=\"text-align: justify;\"><img class=\"lazyload\" decoding=\"async\" style=\"border: 0pt none;\" src=\"data:image\/svg+xml,%3Csvg%20xmlns%3D%27http%3A%2F%2Fwww.w3.org%2F2000%2Fsvg%27%20width%3D%27200%27%20height%3D%27330%27%20viewBox%3D%270%200%20200%20330%27%3E%3Crect%20width%3D%27200%27%20height%3D%27330%27%20fill-opacity%3D%220%22%2F%3E%3C%2Fsvg%3E\" data-orig-src=\"https:\/\/turanuslu.net\/icerikresimleri\/as\/as1.jpg\" alt=\"\" width=\"200\" height=\"330\" border=\"0\" \/> <img class=\"lazyload\" decoding=\"async\" style=\"border: 0pt none;\" src=\"data:image\/svg+xml,%3Csvg%20xmlns%3D%27http%3A%2F%2Fwww.w3.org%2F2000%2Fsvg%27%20width%3D%27200%27%20height%3D%27330%27%20viewBox%3D%270%200%20200%20330%27%3E%3Crect%20width%3D%27200%27%20height%3D%27330%27%20fill-opacity%3D%220%22%2F%3E%3C%2Fsvg%3E\" data-orig-src=\"https:\/\/turanuslu.net\/icerikresimleri\/as\/as2.jpg\" alt=\"\" width=\"200\" height=\"330\" border=\"0\" \/><\/p>\n<p><strong>Hastal\u0131\u011f\u0131n belirtileri nelerdir?<\/strong><\/p>\n<div style=\"text-align: justify;\">AS&#8217;in ilk belirtisi, gen\u00e7 insanlarda yava\u015f yava\u015f ve sinsi ba\u015flayan bel a\u011fr\u0131s\u0131d\u0131r. \u00d6nceleri sakrum \u00fczerinde duyulan a\u011fr\u0131 daha sonra bele yay\u0131larak s\u00fcrekli bir a\u011fr\u0131 ve tutukluk yapar. Bu tutukluk en fazla sabah olup g\u00fcn\u00fcn ilerleyen saatlerinde ve hareket ettik\u00e7e veya s\u0131cak du\u015f al\u0131nca hafifler. Hasta bazen yataktan kalkarken s\u0131rt\u0131n\u0131 ve belini rahat\u00e7a b\u00fck\u00fcp d\u00f6nd\u00fcremedi\u011fi i\u00e7in \u00f6ne do\u011fru e\u011fik dola\u015f\u0131r. Belde sertlik ve tutukluk bazen a\u011fr\u0131dan \u00f6nce gelir. Romatoid artrit ve kire\u00e7lenmeler de g\u00f6r\u00fclenin tersine, hastal\u0131k \u00f6nce eklem \u00e7evresindeki ligamentlerden, di\u011fer bir deyi\u015fle ba\u011flar\u0131n ve kaslar\u0131n kemiklere ba\u011fland\u0131\u011f\u0131 u\u00e7larda ba\u015flar ve bu b\u00f6lgelerdeki iltihap sonucu dokular sertle\u015fir ve bir anlamda kire\u00e7lenir.<\/div>\n<p style=\"text-align: justify;\"><img class=\"lazyload\" decoding=\"async\" style=\"border: 0pt none;\" src=\"data:image\/svg+xml,%3Csvg%20xmlns%3D%27http%3A%2F%2Fwww.w3.org%2F2000%2Fsvg%27%20width%3D%27400%27%20height%3D%27400%27%20viewBox%3D%270%200%20400%20400%27%3E%3Crect%20width%3D%27400%27%20height%3D%27400%27%20fill-opacity%3D%220%22%2F%3E%3C%2Fsvg%3E\" data-orig-src=\"https:\/\/turanuslu.net\/icerikresimleri\/as\/manwith.jpg\" alt=\"\" width=\"400\" height=\"400\" border=\"0\" \/><\/p>\n<div style=\"text-align: justify;\">Kire\u00e7lenme, omurgay\u0131 olu\u015fturan vertebralar\u0131 (omurlar\u0131) boydan boya tutarak omurgan\u0131n de\u011fi\u015fik y\u00f6nlerdeki hareketlili\u011fini giderek azalt\u0131r ve hatta omurga eklemlerini kilitleyebilir.<\/div>\n<div style=\"text-align: justify;\">\u00dcst \u00fcste dizilmi\u015f tu\u011flalar\u0131 ve tu\u011flalar aras\u0131nda \u015fi\u015firme su yast\u0131klar\u0131 oldu\u011funu d\u00fc\u015f\u00fcn\u00fcn. Yanlardan kal\u0131n lastik \u015feritlerle bu tu\u011flalar\u0131 bir arada tuttu\u011funuzda bu sert tu\u011flalardan ve esnek su yast\u0131k\u00e7\u0131klar\u0131ndan olu\u015fan bu sistem hem esnek hemde lastik bantlar sayesinde sa\u011flamd\u0131r. \u0130skelet sistemimizin dire\u011fi i\u015flevini g\u00f6ren omurgam\u0131z da benzetmeye \u00e7al\u0131\u015ft\u0131\u011f\u0131m\u0131z \u00fcst \u00fcste dizilmi\u015f tu\u011flalar gibidir. K\u00fc\u00e7\u00fck vertebra kemiklerini tu\u011flalar, vertebralar aras\u0131ndaki yar\u0131 sert disk yap\u0131lar\u0131 da tu\u011flalar aras\u0131nda ki su yast\u0131klar\u0131 gibi g\u00f6z\u00fcm\u00fcz\u00fcn \u00f6n\u00fcne getirdi\u011fimizde bu her yana esnek bi\u00e7imde e\u011filen yap\u0131, AS&#8217;de sertle\u015fir ve tu\u011flalar aras\u0131ndaki su yast\u0131\u011f\u0131n\u0131n ve yandaki lastik \u015feritlerin yerini \u00e7imento s\u0131va al\u0131r. Di\u011fer bir anlat\u0131mla, omurlar aras\u0131 diskler kire\u00e7lenir ve omurlar\u0131 saran lifler de bu kire\u00e7lenmenin yay\u0131lmas\u0131 ile kat\u0131la\u015f\u0131r. Sonu\u00e7ta, \u00f6ne, arkaya ve yanlara e\u011filmeyen, \u00e7abuk k\u0131r\u0131lmaya e\u011filimli ve k\u0131r\u0131ld\u0131\u011f\u0131 noktalarda da kamburla\u015fan bir omurga kar\u015f\u0131m\u0131za \u00e7\u0131kar. G\u00f6\u011f\u00fcs kafesi de bu hastal\u0131ktan etkilenir. \u0130lk ba\u015fta g\u00f6\u011fs\u00fcn \u00fcst taraf\u0131ndaki sternum kemi\u011fi (iman tahtas\u0131) \u00e7evresinde a\u011fr\u0131l\u0131 \u015fi\u015flikler olu\u015fur ve bu durum ilerledik\u00e7e g\u00f6\u011f\u00fcs kafesinin \u00e7evresindeki eklemler sertle\u015fir ve normalde yapt\u0131klar\u0131 a\u00e7\u0131l\u0131p kapanma yada kalk\u0131p inme i\u015flevlerini yerine getiremezler. Sonu\u00e7ta, hastan\u0131n derin nefes alma yetene\u011fi azal\u0131r ve g\u00f6\u011fs\u00fcn nefes al\u0131p vermeyle geni\u015fleme kapasitesi 2 cm&#8217;nin alt\u0131na d\u00fc\u015fer (normalde 4 cm&#8217;nin \u00fczerinde).<\/div>\n<p style=\"text-align: justify;\"><strong>Hastal\u0131k nas\u0131l seyrediyor? <\/strong><\/p>\n<table style=\"text-align: justify;\" border=\"0\">\n<tbody>\n<tr>\n<td><img class=\"lazyload\" decoding=\"async\" style=\"border: 0pt none;\" src=\"data:image\/svg+xml,%3Csvg%20xmlns%3D%27http%3A%2F%2Fwww.w3.org%2F2000%2Fsvg%27%20width%3D%27435%27%20height%3D%27265%27%20viewBox%3D%270%200%20435%20265%27%3E%3Crect%20width%3D%27435%27%20height%3D%27265%27%20fill-opacity%3D%220%22%2F%3E%3C%2Fsvg%3E\" data-orig-src=\"https:\/\/turanuslu.net\/icerikresimleri\/romatizmal\/assei1.gif\" alt=\"\" width=\"435\" height=\"265\" border=\"0\" \/><\/td>\n<td><img class=\"lazyload\" decoding=\"async\" style=\"border: 0pt none;\" src=\"data:image\/svg+xml,%3Csvg%20xmlns%3D%27http%3A%2F%2Fwww.w3.org%2F2000%2Fsvg%27%20width%3D%27285%27%20height%3D%27220%27%20viewBox%3D%270%200%20285%20220%27%3E%3Crect%20width%3D%27285%27%20height%3D%27220%27%20fill-opacity%3D%220%22%2F%3E%3C%2Fsvg%3E\" data-orig-src=\"https:\/\/turanuslu.net\/icerikresimleri\/romatizmal\/assei2.gif\" alt=\"\" width=\"285\" height=\"220\" border=\"0\" \/><\/td>\n<td><img class=\"lazyload\" decoding=\"async\" src=\"data:image\/svg+xml,%3Csvg%20xmlns%3D%27http%3A%2F%2Fwww.w3.org%2F2000%2Fsvg%27%20width%3D%27253%27%20height%3D%27219%27%20viewBox%3D%270%200%20253%20219%27%3E%3Crect%20width%3D%27253%27%20height%3D%27219%27%20fill-opacity%3D%220%22%2F%3E%3C%2Fsvg%3E\" data-orig-src=\"https:\/\/turanuslu.net\/icerikresimleri\/romatizmal\/assei3.gif\" alt=\"\" width=\"253\" height=\"219\" border=\"0\" \/><\/td>\n<\/tr>\n<\/tbody>\n<\/table>\n<div style=\"text-align: justify;\">Hastal\u0131k her hastada farkl\u0131 bi\u00e7imde seyretmesine ve zaman zaman alevlenip zaman zaman yat\u0131\u015fmas\u0131na kar\u015f\u0131n, genel olarak hayat\u0131 tehdit edici de\u011fildir. \u00c7o\u011funlukla, 10 y\u0131ll\u0131k bir s\u00fcre i\u00e7inde kendili\u011finden durabilir; en az\u0131ndan hastal\u0131\u011f\u0131n ilerleyi\u015fi ve \u015fiddeti azalabilir. Kal\u00e7a tutulmas\u0131, hastal\u0131\u011f\u0131n gidi\u015fat\u0131n\u0131n iyi olmad\u0131\u011f\u0131n\u0131 g\u00f6sterir ve kal\u00e7a tutulmas\u0131 hastalarda en \u00f6nemli rahats\u0131zl\u0131k ve sakatl\u0131k sebebidir. Kal\u00e7a tutulmas\u0131n\u0131n yan\u0131s\u0131ra diz, omuz gibi b\u00fcy\u00fck eklem tutulu\u015fu olan hastalarda da hastal\u0131k a\u011f\u0131r seyreder. Kad\u0131nlarda kal\u00e7a, omuz, diz gibi \u00e7evresel eklem tutulumu daha s\u0131kt\u0131r. Yine kad\u0131nlarda boyun omurgas\u0131 daha s\u0131kt\u0131r.<\/div>\n<p style=\"text-align: justify;\"><strong>Tedavisi m\u00fcmk\u00fcn m\u00fcd\u00fcr ? <\/strong><\/p>\n<p><img class=\"lazyload\" decoding=\"async\" style=\"border: 0pt none;\" src=\"data:image\/svg+xml,%3Csvg%20xmlns%3D%27http%3A%2F%2Fwww.w3.org%2F2000%2Fsvg%27%20width%3D%27300%27%20height%3D%27210%27%20viewBox%3D%270%200%20300%20210%27%3E%3Crect%20width%3D%27300%27%20height%3D%27210%27%20fill-opacity%3D%220%22%2F%3E%3C%2Fsvg%3E\" data-orig-src=\"https:\/\/turanuslu.net\/icerikresimleri\/as\/as4.jpg\" alt=\"\" width=\"300\" height=\"210\" border=\"0\" \/> <img class=\"lazyload\" decoding=\"async\" style=\"border: 0pt none;\" src=\"data:image\/svg+xml,%3Csvg%20xmlns%3D%27http%3A%2F%2Fwww.w3.org%2F2000%2Fsvg%27%20width%3D%27300%27%20height%3D%27210%27%20viewBox%3D%270%200%20300%20210%27%3E%3Crect%20width%3D%27300%27%20height%3D%27210%27%20fill-opacity%3D%220%22%2F%3E%3C%2Fsvg%3E\" data-orig-src=\"https:\/\/turanuslu.net\/icerikresimleri\/as\/as5.jpg\" alt=\"\" width=\"300\" height=\"210\" border=\"0\" \/><\/p>\n<div style=\"text-align: justify;\">Ne yaz\u0131k ki, bu hastal\u0131\u011f\u0131 \u00f6nleyebilmek ve tamamen iyile\u015ftirebilmek m\u00fcmk\u00fcn olmayabilir. Yine de, s\u0131k\u0131 bir doktor takibi, fizik tedavi programlar\u0131 ve egzersizler ile hastan\u0131n \u015fikayetleri azalt\u0131l\u0131p eklemlerin esnekli\u011fi korunmaya \u00e7al\u0131\u015f\u0131l\u0131r. Yine kapl\u0131calar bu hastalarda b\u00fcy\u00fck semptomatik iyilik sa\u011flar.<\/div>\n<div style=\"text-align: justify;\">Tedavide hasta e\u011fitimi ve hastan\u0131n bu e\u011fitimi uygulamas\u0131 \u00e7ok \u00f6nemlidir. AS&#8217;li hastalar kesinlikle sigara i\u00e7memelidirler. Hastan\u0131n dik durmas\u0131, d\u00fczenli egzersizler yapmas\u0131 ve m\u00fcmk\u00fcnse yast\u0131ks\u0131z yatmas\u0131 ve dizlerini kar\u0131na \u00e7ekmeden yada y\u00fcz\u00fckoyun yatmas\u0131 omurgas\u0131n\u0131 korur.<\/div>\n<div style=\"text-align: justify;\">Beli arkaya do\u011fru e\u011fen egzersizlerin yan\u0131 s\u0131ra, hastan\u0131n kendine yapabilece\u011fi en b\u00fcy\u00fck iyilik, y\u00fczmektir. \u00d6ne e\u011filerek yap\u0131lan sporlar zararl\u0131d\u0131r.Tedavide antiromatizmal ila\u00e7lar, sulfasalazin gibi klasik ila\u00e7lar kullan\u0131l\u0131r.<\/div>\n<div style=\"text-align: justify;\">E\u011fer omurgan\u0131n d\u0131\u015f\u0131nda, kal\u00e7a, diz, omuz gibi eklemler de tutulmu\u015f ise, eklem i\u00e7lerine hyaluronik asid (Hyaluronan ) verilmesi ve bazen de eklem \u00e7ok a\u011fr\u0131l\u0131 ise, buna kortizon eklenmesi gerekebilir.<\/div>\n<div style=\"text-align: justify;\">AS&#8217;de omurgada, \u00f6zellikle boyun ve bel k\u0131sm\u0131nda fark\u0131nda olunmayan tehlikeli k\u0131r\u0131klar olabilir. Bu nedenle, \u00e7ok k\u00fc\u00e7\u00fck bir kaza sonras\u0131 bile olu\u015fan ani bel ve boyun a\u011fr\u0131lar\u0131nda gerekli radyolojik, MRI gibi incelemelerin yap\u0131lmas\u0131 gerekir.<\/div>","protected":false},"excerpt":{"rendered":"<p>Ankilozan Spondilit Ankilozan spondilit (AS); \u00f6ncelikle omurgay\u0131 ve sakroiliak eklem [&hellip;]<\/p>\n","protected":false},"author":1,"featured_media":0,"comment_status":"open","ping_status":"closed","sticky":false,"template":"","format":"standard","meta":{"_jetpack_memberships_contains_paid_content":false,"footnotes":""},"categories":[400],"tags":[413,414,415,416,417,418],"class_list":["post-473","post","type-post","status-publish","format-standard","hentry","category-romatizmal-hastaliklar","tag-ankilozan-spondilit","tag-ankilozan-spondilit-belirtileri","tag-ankilozan-spondilit-hastaligi","tag-ankilozan-spondilit-nedir","tag-ankilozan-spondilit-tedavisi","tag-ankilozon-spondilit"],"jetpack_featured_media_url":"","jetpack_sharing_enabled":true,"_links":{"self":[{"href":"https:\/\/turanuslu.net\/es\/wp-json\/wp\/v2\/posts\/473","targetHints":{"allow":["GET"]}}],"collection":[{"href":"https:\/\/turanuslu.net\/es\/wp-json\/wp\/v2\/posts"}],"about":[{"href":"https:\/\/turanuslu.net\/es\/wp-json\/wp\/v2\/types\/post"}],"author":[{"embeddable":true,"href":"https:\/\/turanuslu.net\/es\/wp-json\/wp\/v2\/users\/1"}],"replies":[{"embeddable":true,"href":"https:\/\/turanuslu.net\/es\/wp-json\/wp\/v2\/comments?post=473"}],"version-history":[{"count":3,"href":"https:\/\/turanuslu.net\/es\/wp-json\/wp\/v2\/posts\/473\/revisions"}],"predecessor-version":[{"id":10761,"href":"https:\/\/turanuslu.net\/es\/wp-json\/wp\/v2\/posts\/473\/revisions\/10761"}],"wp:attachment":[{"href":"https:\/\/turanuslu.net\/es\/wp-json\/wp\/v2\/media?parent=473"}],"wp:term":[{"taxonomy":"category","embeddable":true,"href":"https:\/\/turanuslu.net\/es\/wp-json\/wp\/v2\/categories?post=473"},{"taxonomy":"post_tag","embeddable":true,"href":"https:\/\/turanuslu.net\/es\/wp-json\/wp\/v2\/tags?post=473"}],"curies":[{"name":"wp","href":"https:\/\/api.w.org\/{rel}","templated":true}]}}