{"id":43,"date":"2009-08-26T15:27:07","date_gmt":"2009-08-26T16:27:07","guid":{"rendered":"https:\/\/turanuslu.net\/?p=43"},"modified":"2021-06-14T13:16:14","modified_gmt":"2021-06-14T13:16:14","slug":"bas-agrilari","status":"publish","type":"post","link":"https:\/\/turanuslu.net\/es\/bas-agrilari\/","title":{"rendered":"Causas de los dolores de cabeza"},"content":{"rendered":"<h1 style=\"text-align: justify;\"><img class=\"lazyload\" decoding=\"async\" style=\"border: 0pt none;\" src=\"data:image\/svg+xml,%3Csvg%20xmlns%3D%27http%3A%2F%2Fwww.w3.org%2F2000%2Fsvg%27%20width%3D%27160%27%20height%3D%27197%27%20viewBox%3D%270%200%20160%20197%27%3E%3Crect%20width%3D%27160%27%20height%3D%27197%27%20fill-opacity%3D%220%22%2F%3E%3C%2Fsvg%3E\" data-orig-src=\"https:\/\/turanuslu.net\/icerikresimleri\/basagrilari\/headache5tens.jpg\" alt=\"\" width=\"160\" height=\"197\" border=\"0\" \/>dolores de cabeza<\/h1>\n<p><img decoding=\"async\" class=\"lazyload alignleft wp-image-8704 size-medium\" src=\"https:\/\/turanuslu.net\/wp-content\/uploads\/2009\/08\/bas-agrilari-300x300.jpg\" data-orig-src=\"https:\/\/turanuslu.net\/wp-content\/uploads\/2009\/08\/bas-agrilari-300x300.jpg\" alt=\"Ba\u015f A\u011fr\u0131lar\u0131 ,Ba\u015f A\u011fr\u0131lar\u0131 Sebepleri ,Ba\u015f A\u011fr\u0131lar\u0131 Nedenleri ,Ba\u015f A\u011fr\u0131lar\u0131 \u0130\u00e7in Ne Yap\u0131l\u0131r ,Ba\u015f A\u011fr\u0131lar\u0131 Fizik Tedavi , Ba\u015f A\u011fr\u0131s\u0131 Nas\u0131l Ge\u00e7er\" width=\"300\" height=\"300\" srcset=\"data:image\/svg+xml,%3Csvg%20xmlns%3D%27http%3A%2F%2Fwww.w3.org%2F2000%2Fsvg%27%20width%3D%27300%27%20height%3D%27300%27%20viewBox%3D%270%200%20300%20300%27%3E%3Crect%20width%3D%27300%27%20height%3D%27300%27%20fill-opacity%3D%220%22%2F%3E%3C%2Fsvg%3E\" data-srcset=\"https:\/\/turanuslu.net\/wp-content\/uploads\/2009\/08\/bas-agrilari-66x66.jpg 66w, https:\/\/turanuslu.net\/wp-content\/uploads\/2009\/08\/bas-agrilari-150x150.jpg 150w, https:\/\/turanuslu.net\/wp-content\/uploads\/2009\/08\/bas-agrilari-200x200.jpg 200w, https:\/\/turanuslu.net\/wp-content\/uploads\/2009\/08\/bas-agrilari-300x300.jpg 300w, https:\/\/turanuslu.net\/wp-content\/uploads\/2009\/08\/bas-agrilari-400x400.jpg 400w, https:\/\/turanuslu.net\/wp-content\/uploads\/2009\/08\/bas-agrilari.jpg 600w\" data-sizes=\"auto\" data-orig-sizes=\"(max-width: 300px) 100vw, 300px\" \/><\/p>\n<p style=\"text-align: justify;\">Causas de los dolores de cabeza: Los dolores de cabeza son uno de los s\u00edntomas m\u00e1s comunes y dif\u00edciles de diagnosticar. Son una enfermedad en s\u00ed mismos y, a menudo, un s\u00edntoma de una enfermedad subyacente.<br \/>\nBu k\u0131sa yaz\u0131da ba\u015f a\u011fr\u0131lar\u0131 ile ilgili genel bilgiler verilecek ve ba\u015f a\u011fr\u0131lar\u0131na sebep olan hastal\u0131klar k\u0131saca anlat\u0131lacakt\u0131r.\u0130nsanlar\u0131n %60-70 kadar\u0131 hayatlar\u0131n\u0131n herhangi bir d\u00f6neminde ba\u015f a\u011fr\u0131lar\u0131 ile kar\u015f\u0131la\u015fmaktad\u0131r. Herhangi bir \u015fikayetle doktora ba\u015fvuran hastalar\u0131n hemen hemen yar\u0131s\u0131nda ba\u015f a\u011fr\u0131s\u0131 vard\u0131r, ancak bunlar\u0131n sadece %10 kadar\u0131nda ba\u015f a\u011fr\u0131s\u0131 en \u00f6nemli problemdir.<\/p>\n<h3 style=\"text-align: justify;\"><strong>Para clasificar aproximadamente los dolores de cabeza: <\/strong><img class=\"lazyload\" decoding=\"async\" style=\"border: 0pt none;\" src=\"data:image\/svg+xml,%3Csvg%20xmlns%3D%27http%3A%2F%2Fwww.w3.org%2F2000%2Fsvg%27%20width%3D%27400%27%20height%3D%27320%27%20viewBox%3D%270%200%20400%20320%27%3E%3Crect%20width%3D%27400%27%20height%3D%27320%27%20fill-opacity%3D%220%22%2F%3E%3C%2Fsvg%3E\" data-orig-src=\"https:\/\/turanuslu.net\/icerikresimleri\/basagrilari\/headache1.jpg\" alt=\"\" width=\"400\" height=\"320\" border=\"0\" \/><\/h3>\n<ul style=\"text-align: justify;\">\n<li>Migra\u00f1a<\/li>\n<li>Cefalea tensional<\/li>\n<li>Cefalea en racimos (cefalea en racimos, neuralgia de Horton, cefalea histam\u00ednica)<\/li>\n<li>Dolor de cabeza sinusal<\/li>\n<li>Dolor de cabeza postraum\u00e1tico<\/li>\n<li>Dolor de cabeza debido al aumento de la presi\u00f3n intracraneal<\/li>\n<li>Situaciones combinadas<\/li>\n<\/ul>\n<div style=\"text-align: justify;\">Sin embargo, cabe se\u00f1alar que \u00e9sta es una clasificaci\u00f3n muy aproximada y que hay muchos s\u00edndromes de dolor de cabeza fuera de esta tabla.<\/div>\n<h3 style=\"text-align: justify;\"><strong>\u00bfQu\u00e9 es la migra\u00f1a?<\/strong><\/h3>\n<div style=\"text-align: justify;\">Ba\u015f A\u011fr\u0131lar\u0131n\u0131n Sebepleri, Migren (hemikrani, yar\u0131m ba\u015f a\u011fr\u0131s\u0131) \u00e7ok yo\u011fun, \u015fiddetli daha \u00e7ok 10-30 ya\u015flar\u0131 aras\u0131nda ba\u015flayan 50 ya\u015f\u0131ndan sonra azalan ve n\u00f6betler halinde seyreden bir ba\u015f a\u011fr\u0131s\u0131d\u0131r. Kesin sebepleri bilinmemekle birlikte hastalar\u0131n %60-80 inde genetik fakt\u00f6rlerin rol\u00fc vard\u0131r. Genellikle tek tarafl\u0131d\u0131r, bazen iki tarafl\u0131 olabilir. En s\u0131k tuttu\u011fu b\u00f6lge \u015fakaklar, g\u00f6z \u00e7evresi ve al\u0131nd\u0131r. Dakikalar, saatler veya g\u00fcnler s\u00fcrebilir. Hasta n\u00f6betin gelece\u011fini \u00f6nceden hissedebilir. Bulant\u0131, kusma ve \u0131\u015f\u0131ktan rahats\u0131z olma olabilir. Kad\u0131nlarda daha s\u0131k g\u00f6r\u00fcl\u00fcr. Hastan\u0131n b\u00fct\u00fcn tetkikleri normal \u00e7\u0131kar. Migren oldu\u011fu d\u00fc\u015f\u00fcn\u00fclse bile ba\u015f a\u011fr\u0131l\u0131 hastalara tomografi, MR, sinus filmleri, boyun filmleri \u00e7ektirilmeli ve gerekirse EMG yapt\u0131r\u0131lmal\u0131d\u0131r.<\/div>\n<div><\/div>\n<div style=\"text-align: justify;\"><strong>En su tratamiento<\/strong>Es necesario evitar el estr\u00e9s, descansar bien, dormir bien y evitar el ruido y la luz excesiva. Algunos alimentos y medicamentos pueden desencadenar ataques de migra\u00f1a (pentamato monos\u00f3dico, chocolate, vino tinto, queso, p\u00edldoras anticonceptivas). Adem\u00e1s, se han desarrollado muchos medicamentos para prevenir y tratar los ataques de migra\u00f1a. Para el tratamiento de la migra\u00f1a, se debe consultar a un neur\u00f3logo. La acupuntura da buenos resultados en muchos pacientes; algunos se benefician de la biorretroalimentaci\u00f3n.<\/div>\n<h3 style=\"text-align: justify;\"><strong>Cefalea tensional<\/strong><\/h3>\n<p>Causas de los dolores de cabeza: Se presenta un dolor constante, aunque no intenso. Inicialmente se localiza en la nuca y luego se extiende a toda la cabeza, como si la apretaran con una prensa. Puede durar d\u00edas y el dolor aumenta por las noches. El estr\u00e9s, los problemas familiares y laborales causan o agravan el dolor. Se presenta rigidez en los m\u00fasculos del cuello.<\/p>\n<div style=\"text-align: justify;\"><strong>En su tratamiento<\/strong> Se utilizan analg\u00e9sicos, relajantes musculares y medicamentos para aliviar el estr\u00e9s y la ansiedad. Una ducha caliente, la sauna, el ba\u00f1o turco y los masajes relajan a la mayor\u00eda de los pacientes. Se pueden probar aplicaciones de calor y fr\u00edo en la zona del cuello, TENS, ejercicios de relajaci\u00f3n muscular cervical y biorretroalimentaci\u00f3n.<\/div>\n<h3 style=\"text-align: justify;\"><strong>Cefalea en racimos (cefalea en racimos) <\/strong><\/h3>\n<div style=\"text-align: justify;\">Es un dolor muy intenso y unilateral. El dolor se localiza detr\u00e1s del globo ocular y es puls\u00e1til. Es m\u00e1s com\u00fan en hombres. Estos dolores comienzan repentinamente y no presentan s\u00edntomas previos. Puede haber hinchaz\u00f3n, enrojecimiento y espasmos en el lado dolorido. Su duraci\u00f3n promedio es de 30 a 45 minutos. Sin embargo, puede durar m\u00e1s. Incluso una peque\u00f1a cantidad de alcohol puede causar dolor.<\/div>\n<div style=\"text-align: justify;\">Este tipo de cefalea puede durar meses o a\u00f1os. Para su tratamiento se utilizan inhalaci\u00f3n de ox\u00edgeno, propranolol (profilaxis) y carbamazepina.<\/div>\n<h3 style=\"text-align: justify;\"><strong>Dolores de cabeza sinusales (sinusitis)<\/strong><br \/>\n<img class=\"lazyload\" decoding=\"async\" style=\"border: 0pt none;\" src=\"data:image\/svg+xml,%3Csvg%20xmlns%3D%27http%3A%2F%2Fwww.w3.org%2F2000%2Fsvg%27%20width%3D%27356%27%20height%3D%27283%27%20viewBox%3D%270%200%20356%20283%27%3E%3Crect%20width%3D%27356%27%20height%3D%27283%27%20fill-opacity%3D%220%22%2F%3E%3C%2Fsvg%3E\" data-orig-src=\"https:\/\/turanuslu.net\/icerikresimleri\/basagrilari\/sinusbasag.jpg\" alt=\"\" width=\"356\" height=\"283\" border=\"0\" \/><\/h3>\n<div style=\"text-align: justify;\">No es un problema grave. Puede ser unilateral o bilateral. El paciente refiere que el dolor aumenta al inclinarse hacia adelante. Es m\u00e1s com\u00fan en personas al\u00e9rgicas. Puede causar resfriado, congesti\u00f3n nasal, fiebre, dolor de muelas y fatiga. Se trata con el tratamiento para la sinusitis. Debe ser tratado por otorrinolaring\u00f3logos.<\/div>\n<h3 style=\"text-align: justify;\"><strong>Dolor de cabeza postraum\u00e1tico<\/strong><\/h3>\n<div style=\"text-align: justify;\">Se produce como resultado de un traumatismo craneoencef\u00e1lico. Comienza cuando el paciente recupera la consciencia y dura de 6 a 12 meses. En ocasiones, puede durar mucho m\u00e1s. Se acompa\u00f1a de mareos.<\/div>\n<h3 style=\"text-align: justify;\"><strong>Aumento de la presi\u00f3n intracraneal <\/strong><\/h3>\n<div style=\"text-align: justify;\">Es un tipo de dolor de inicio reciente, moderadamente intenso, que aumenta gradualmente de intensidad. Suele ser bilateral. El dolor aumenta al cerrar la boca y la nariz y contener la respiraci\u00f3n. Empeora por la ma\u00f1ana y puede despertar al paciente por la noche. En etapas posteriores, se presentan n\u00e1useas, v\u00f3mitos y visi\u00f3n doble. Se debe realizar un examen de fondo de ojo. A estos pacientes se les debe realizar una tomograf\u00eda computarizada, una resonancia magn\u00e9tica y un electroencefalograma de inmediato. Los tumores son las causas m\u00e1s comunes de aumento de la presi\u00f3n intracraneal.<\/div>\n<h3 style=\"text-align: justify;\"><strong>Situaciones combinadas<\/strong><\/h3>\n<div style=\"text-align: justify;\">Las m\u00e1s comunes son la migra\u00f1a y la cefalea tensional. Adem\u00e1s, algunas de las cefaleas m\u00e1s comunes son las causadas por enfermedades como calcificaciones, hernias y tumores en la zona del cuello. Las cefaleas cervicales tambi\u00e9n causan dolor de hombro y brazo. El dolor tambi\u00e9n se irradia desde el cuello hasta la nuca y la frente. Aplicar calor en el cuello y masajearlo alivia el dolor.<\/div>\n<p>Nuestros otros campos de actividad<\/p>\n<p><span style=\"color: #808080;\"><a style=\"color: #808080;\" href=\"https:\/\/istanbulbakimevi.net\" target=\"_blank\" rel=\"noopener\">Residencia de ancianos<\/a> , <a style=\"color: #808080;\" href=\"https:\/\/istanbulbakimevi.com\" target=\"_blank\" rel=\"noopener\">Residencia de ancianos y residencia de ancianos <\/a>, <a style=\"color: #808080;\" href=\"https:\/\/eksensaglik.com\" target=\"_blank\" rel=\"noopener\">Centro de Fisioterapia y Rehabilitaci\u00f3n, <\/a><a style=\"color: #808080;\" href=\"https:\/\/kadikoyagrimerkezi.com\" target=\"_blank\" rel=\"noopener\">Centro del Dolor Kadikoy <\/a><\/span><\/p>\n<p><a href=\"https:\/\/www.youtube.com\/channel\/UC-EH3FtNo45g8-ja6zGzfTA\" target=\"_blank\" rel=\"noopener\"><img decoding=\"async\" class=\"lazyload wp-image-2466 size-full alignleft\" src=\"data:image\/svg+xml,%3Csvg%20xmlns%3D%27http%3A%2F%2Fwww.w3.org%2F2000%2Fsvg%27%20width%3D%27300%27%20height%3D%27150%27%20viewBox%3D%270%200%20300%20150%27%3E%3Crect%20width%3D%27300%27%20height%3D%27150%27%20fill-opacity%3D%220%22%2F%3E%3C%2Fsvg%3E\" data-orig-src=\"https:\/\/turanuslu.net\/wp-content\/uploads\/2010\/04\/abone-olun.jpg\" alt=\"\" width=\"300\" height=\"150\" \/><\/a><a href=\"http:\/\/turanuslu.net\/es\/randevu\/\"><img decoding=\"async\" class=\"lazyload alignleft wp-image-2465 size-full\" src=\"data:image\/svg+xml,%3Csvg%20xmlns%3D%27http%3A%2F%2Fwww.w3.org%2F2000%2Fsvg%27%20width%3D%27300%27%20height%3D%27150%27%20viewBox%3D%270%200%20300%20150%27%3E%3Crect%20width%3D%27300%27%20height%3D%27150%27%20fill-opacity%3D%220%22%2F%3E%3C%2Fsvg%3E\" data-orig-src=\"https:\/\/turanuslu.net\/wp-content\/uploads\/2010\/04\/randevu-alin.jpg\" alt=\"\" width=\"300\" height=\"150\" \/><\/a><\/p>","protected":false},"excerpt":{"rendered":"<p>Ba\u015f A\u011fr\u0131lar\u0131 Ba\u015f A\u011fr\u0131lar\u0131n\u0131n Sebepleri, Ba\u015f a\u011fr\u0131lar\u0131 en s\u0131k kar\u015f\u0131la\u015f\u0131lan [&hellip;]<\/p>\n","protected":false},"author":1,"featured_media":8704,"comment_status":"open","ping_status":"closed","sticky":false,"template":"","format":"standard","meta":{"_jetpack_memberships_contains_paid_content":false,"footnotes":""},"categories":[552],"tags":[553,554,555,556,557,558,559,560,561,562,563,564],"class_list":["post-43","post","type-post","status-publish","format-standard","has-post-thumbnail","hentry","category-bas-agrilari","tag-bas-agrilari","tag-bas-agrilari-neden-olur","tag-bas-agrilarinin-sebepleri","tag-bas-agrisi","tag-bas-agrisi-tedavisi","tag-basagrilari","tag-basagrisi-tedavisi","tag-migren","tag-migren-nedir","tag-migren-tedavisi","tag-sinuzit","tag-sinuzit-tedavisi"],"jetpack_featured_media_url":"https:\/\/turanuslu.net\/wp-content\/uploads\/2009\/08\/bas-agrilari.jpg","jetpack_sharing_enabled":true,"_links":{"self":[{"href":"https:\/\/turanuslu.net\/es\/wp-json\/wp\/v2\/posts\/43","targetHints":{"allow":["GET"]}}],"collection":[{"href":"https:\/\/turanuslu.net\/es\/wp-json\/wp\/v2\/posts"}],"about":[{"href":"https:\/\/turanuslu.net\/es\/wp-json\/wp\/v2\/types\/post"}],"author":[{"embeddable":true,"href":"https:\/\/turanuslu.net\/es\/wp-json\/wp\/v2\/users\/1"}],"replies":[{"embeddable":true,"href":"https:\/\/turanuslu.net\/es\/wp-json\/wp\/v2\/comments?post=43"}],"version-history":[{"count":4,"href":"https:\/\/turanuslu.net\/es\/wp-json\/wp\/v2\/posts\/43\/revisions"}],"predecessor-version":[{"id":10471,"href":"https:\/\/turanuslu.net\/es\/wp-json\/wp\/v2\/posts\/43\/revisions\/10471"}],"wp:featuredmedia":[{"embeddable":true,"href":"https:\/\/turanuslu.net\/es\/wp-json\/wp\/v2\/media\/8704"}],"wp:attachment":[{"href":"https:\/\/turanuslu.net\/es\/wp-json\/wp\/v2\/media?parent=43"}],"wp:term":[{"taxonomy":"category","embeddable":true,"href":"https:\/\/turanuslu.net\/es\/wp-json\/wp\/v2\/categories?post=43"},{"taxonomy":"post_tag","embeddable":true,"href":"https:\/\/turanuslu.net\/es\/wp-json\/wp\/v2\/tags?post=43"}],"curies":[{"name":"wp","href":"https:\/\/api.w.org\/{rel}","templated":true}]}}