{"id":286,"date":"2009-08-26T09:29:47","date_gmt":"2009-08-26T10:29:47","guid":{"rendered":"https:\/\/turanuslu.net\/?p=286"},"modified":"2022-01-18T10:29:52","modified_gmt":"2022-01-18T10:29:52","slug":"saglik-guvenlik-gorevlilerinin-sorumluluklari","status":"publish","type":"post","link":"https:\/\/turanuslu.net\/es\/saglik-guvenlik-gorevlilerinin-sorumluluklari\/","title":{"rendered":"Sa\u011fl\u0131k &#8211; G\u00fcvenlik G\u00f6revlilerinin Sorumluluklar\u0131"},"content":{"rendered":"<h2>Sa\u011fl\u0131k &#8211; G\u00fcvenlik G\u00f6revlilerinin Sorumluluklar\u0131<\/h2>\n<p style=\"text-align: justify;\">Ergonomi program\u0131n\u0131n uygulanmas\u0131nda i\u015fyerlerinde en fazla g\u00f6rev sa\u011fl\u0131k ve g\u00fcvenlikle ilgili \u00e7al\u0131\u015fanlara d\u00fc\u015fmektedir. \u00dclkemizde bu g\u00f6revlerin i\u015fyerindeki yans\u0131mas\u0131 \u0130\u015fyeri Hekimi ve \u0130\u015f Sa\u011fl\u0131\u011f\u0131\/G\u00fcvenli\u011fi Uzman\u0131\u2019d\u0131r.<br \/>\nTemel olarak ad\u0131 ge\u00e7en iki disiplin, k\u00f6t\u00fc i\u015fyeri ko\u015fular\u0131ndan kaynaklanan sa\u011fl\u0131k ve g\u00fcvenlik problemlerini ergonomi ilkeleri d\u00fczeyinde \u00e7\u00f6zebilirler.<!--more--><\/p>\n<p style=\"text-align: justify;\">\u0130\u015fyerinde ergonomik problemlerin varl\u0131\u011f\u0131n\u0131 ve ne \u00f6l\u00e7\u00fcde bulundu\u011funu anlamak \u00fczere sorumlular \u015fu sorular\u0131 kendilerine sormal\u0131d\u0131rlar:<\/p>\n<p style=\"text-align: justify;\">* Yap\u0131lan i\u015fler, kullan\u0131lan aletler ve \u00e7al\u0131\u015fma ortam\u0131 \u00e7al\u0131\u015fanlara ve operat\u00f6rlere ne kadar uygundur?<br \/>\n* \u0130\u015f\u00e7iler \u00f6zel i\u015flerini yaparken ne kadar g\u00fc\u00e7 kullanmakta ve ne kadar zaman harcamaktad\u0131rlar,<br \/>\n* Ne kadar tekrarlanan v\u00fccut hareketi vard\u0131r.<\/p>\n<p style=\"text-align: justify;\">Yan\u0131t\u0131 istenen sorular\u0131 bulabilmek i\u00e7in \u00f6zellikle i\u015fyeri risk analizlerine, kontrol listelerine, \u00e7al\u0131\u015fanlarla birlikte \u00e7al\u0131\u015fmaya gerek vard\u0131r.<\/p>\n<p style=\"text-align: justify;\">Kaynak: ILO. \u201cYour Health and Safety At Work: A Collection of Modules\u201d,<\/p>","protected":false},"excerpt":{"rendered":"<p>Sa\u011fl\u0131k &#8211; G\u00fcvenlik G\u00f6revlilerinin Sorumluluklar\u0131 Ergonomi program\u0131n\u0131n uygulanmas\u0131nda i\u015fyerlerinde en [&hellip;]<\/p>\n","protected":false},"author":1,"featured_media":0,"comment_status":"open","ping_status":"closed","sticky":false,"template":"","format":"standard","meta":{"_jetpack_memberships_contains_paid_content":false,"footnotes":""},"categories":[81],"tags":[],"class_list":["post-286","post","type-post","status-publish","format-standard","hentry","category-ergonomi"],"jetpack_featured_media_url":"","jetpack_sharing_enabled":true,"_links":{"self":[{"href":"https:\/\/turanuslu.net\/es\/wp-json\/wp\/v2\/posts\/286","targetHints":{"allow":["GET"]}}],"collection":[{"href":"https:\/\/turanuslu.net\/es\/wp-json\/wp\/v2\/posts"}],"about":[{"href":"https:\/\/turanuslu.net\/es\/wp-json\/wp\/v2\/types\/post"}],"author":[{"embeddable":true,"href":"https:\/\/turanuslu.net\/es\/wp-json\/wp\/v2\/users\/1"}],"replies":[{"embeddable":true,"href":"https:\/\/turanuslu.net\/es\/wp-json\/wp\/v2\/comments?post=286"}],"version-history":[{"count":1,"href":"https:\/\/turanuslu.net\/es\/wp-json\/wp\/v2\/posts\/286\/revisions"}],"predecessor-version":[{"id":10831,"href":"https:\/\/turanuslu.net\/es\/wp-json\/wp\/v2\/posts\/286\/revisions\/10831"}],"wp:attachment":[{"href":"https:\/\/turanuslu.net\/es\/wp-json\/wp\/v2\/media?parent=286"}],"wp:term":[{"taxonomy":"category","embeddable":true,"href":"https:\/\/turanuslu.net\/es\/wp-json\/wp\/v2\/categories?post=286"},{"taxonomy":"post_tag","embeddable":true,"href":"https:\/\/turanuslu.net\/es\/wp-json\/wp\/v2\/tags?post=286"}],"curies":[{"name":"wp","href":"https:\/\/api.w.org\/{rel}","templated":true}]}}