{"id":2739,"date":"2019-07-09T09:18:01","date_gmt":"2019-07-09T10:18:01","guid":{"rendered":"https:\/\/turanuslu.net\/?p=2739"},"modified":"2025-01-28T14:01:44","modified_gmt":"2025-01-28T14:01:44","slug":"boyun-fitigi-ve-dejeneratif-boyun-hastaligi","status":"publish","type":"post","link":"https:\/\/turanuslu.net\/es\/boyun-fitigi-ve-dejeneratif-boyun-hastaligi\/","title":{"rendered":"Hernia de disco cervical y enfermedad degenerativa del cuello"},"content":{"rendered":"<h1>Hernia de disco cervical y enfermedad degenerativa del cuello<\/h1>\n<p><strong>Hernia de disco cervical y enfermedad degenerativa del cuello<\/strong>, omurgan\u0131n en \u00fcst k\u0131sm\u0131nda bulunan 7 adet boyun omuru ve bu omurlar aras\u0131ndaki disklerden kaynaklan\u0131r. Omurlar\u0131n \u00f6n taraf\u0131ndaki diskler ve arka taraf\u0131ndaki faset eklemler, boynun hareketine ve y\u00fck\u00fcn dengeli bir \u015fekilde ta\u015f\u0131nmas\u0131na olanak sa\u011flar. Diskler, ortas\u0131nda jelimsi bir \u00e7ekirdek ve \u00e7evresinde kuvvetli fibroz bir ku\u015faktan olu\u015fur. Bu yap\u0131, omurlar aras\u0131nda yast\u0131k g\u00f6revi g\u00f6rerek \u015fok emme ve hareket sa\u011flama i\u015flevi g\u00f6r\u00fcr.<\/p>\n<h2>Boyun F\u0131t\u0131\u011f\u0131 Nedir?<\/h2>\n<p>Omurlar aras\u0131ndaki diskin zay\u0131flam\u0131\u015f disk duvar\u0131ndan sinir k\u00f6klerine do\u011fru ta\u015fmas\u0131 <strong>boyun f\u0131t\u0131\u011f\u0131<\/strong> olarak adland\u0131r\u0131lan servikal disk hernisine yol a\u00e7ar. Servikal disk hernisi \u015fu belirtilere sebep olabilir:<\/p>\n<ul>\n<li><strong>Boyun a\u011fr\u0131s\u0131<\/strong> ve kola yay\u0131lan a\u011fr\u0131<\/li>\n<li>Kollarda uyu\u015fma ve kar\u0131ncalanma<\/li>\n<li>Duyu ve motor de\u011fi\u015fiklikler<\/li>\n<li>\u0130leri vakalarda omurilik bas\u0131s\u0131na ba\u011fl\u0131 olarak miyelopati geli\u015fimi<\/li>\n<li>Kol ve bacaklarda kuvvetsizlik, y\u00fcr\u00fcme bozuklu\u011fu, spastik y\u00fcr\u00fcme<\/li>\n<\/ul>\n<h2>Servikal Dejeneratif Disk Hastal\u0131\u011f\u0131<\/h2>\n<p>Servikal dejeneratif disk hastal\u0131\u011f\u0131, omurlar aras\u0131ndaki disklerin y\u0131pranmas\u0131 ve faset eklemlerinde olu\u015fan ikincil de\u011fi\u015fikliklerle karakterizedir. Bu durum genellikle spondiloz olarak adland\u0131r\u0131l\u0131r. <strong>Servikal spondiloz<\/strong>, orta veya ileri ya\u015flarda, \u00f6zellikle en hareketli boyun omurlar\u0131 (C4-5, C5-6, C6-7) aras\u0131nda g\u00f6r\u00fcl\u00fcr. Bu durum, ilerleyici spinal kord ve sinir k\u00f6k\u00fc bas\u0131s\u0131n\u0131n en yayg\u0131n nedenidir.<\/p>\n<p>Dejeneratif s\u00fcre\u00e7te \u015fu durumlar g\u00f6r\u00fclebilir:<\/p>\n<ul>\n<li>Osteofit ad\u0131 verilen kemik \u00e7\u0131k\u0131nt\u0131lar<\/li>\n<li>Spinal kanal ve sinir k\u00f6k\u00fc kanallar\u0131nda daralma<\/li>\n<li>Hareket kayb\u0131 ve omurgada anormal g\u00fc\u00e7 da\u011f\u0131l\u0131m\u0131<\/li>\n<li>Travmalara kar\u015f\u0131 daha y\u00fcksek hassasiyet<\/li>\n<\/ul>\n<h2>Boyun F\u0131t\u0131\u011f\u0131 ve Dejeneratif Disk Hastal\u0131\u011f\u0131n\u0131n Sebepleri<\/h2>\n<ul>\n<li>Envejecimiento<\/li>\n<li>A\u015f\u0131r\u0131 y\u00fcklenme ve travma<\/li>\n<li>Uzun s\u00fcreli anormal post\u00fcrde \u00e7al\u0131\u015fma<\/li>\n<li>Genetik fakt\u00f6rler<\/li>\n<li>Sigara kullan\u0131m\u0131<\/li>\n<li>Kronik romatizmal hastal\u0131klar<\/li>\n<\/ul>\n<h2>S\u00edntomas<\/h2>\n<ul>\n<li>Boyun, omuz ve kollarda a\u011fr\u0131<\/li>\n<li>Kollarda uyu\u015fma, kar\u0131ncalanma<\/li>\n<li>Boyun hareketlerinde k\u0131s\u0131tl\u0131l\u0131k<\/li>\n<li>Ba\u015f d\u00f6nmesi ve spastisite<\/li>\n<li>\u0130drar ka\u00e7\u0131rma \u015fikayetleri (ileri vakalarda)<\/li>\n<\/ul>\n<h2>Te\u015fhis Y\u00f6ntemleri<\/h2>\n<p>Boyun f\u0131t\u0131\u011f\u0131 ve dejeneratif disk hastal\u0131klar\u0131n\u0131n te\u015fhisi i\u00e7in \u015fu y\u00f6ntemler kullan\u0131l\u0131r:<\/p>\n<ul>\n<li><strong>Fizik muayene:<\/strong> N\u00f6rolojik muayeneyi i\u00e7erir.<\/li>\n<li><strong>Radiograf\u00eda:<\/strong> Kemiksel de\u011fi\u015fiklikleri g\u00f6sterir.<\/li>\n<li><strong>MRI:<\/strong> Sinir k\u00f6kleri ve omurilik \u00fczerindeki bask\u0131y\u0131 g\u00f6sterir.<\/li>\n<li><strong>EMG:<\/strong> Sinirlerin durumunu de\u011ferlendirmek i\u00e7in kullan\u0131l\u0131r.<\/li>\n<\/ul>\n<h2>Tedavi Y\u00f6ntemleri<\/h2>\n<p>Ba\u015flang\u0131\u00e7 tedavisi genellikle konservatiftir ve \u015funlar\u0131 i\u00e7erir:<\/p>\n<ul>\n<li>Hasta e\u011fitimi<\/li>\n<li>Servikal boyunluk kullan\u0131m\u0131<\/li>\n<li><strong>Fizik tedavi<\/strong> uygulamalar\u0131<\/li>\n<li>Nonsteroid antiinflamatuvar ila\u00e7lar<\/li>\n<li>Kaslar\u0131 g\u00fc\u00e7lendirmek ve hareket a\u00e7\u0131kl\u0131\u011f\u0131n\u0131 art\u0131rmak i\u00e7in egzersizler<\/li>\n<\/ul>\n<p>Konservatif tedavilere yan\u0131t vermeyen hastalarda cerrahi giri\u015fim d\u00fc\u015f\u00fcn\u00fcl\u00fcr. Cerrahinin amac\u0131, omurilik ve sinir k\u00f6k\u00fc \u00fczerindeki bask\u0131y\u0131 kald\u0131rmakt\u0131r. Cerrahi tedavi y\u00f6ntemleri hastan\u0131n durumuna ve patolojinin yerine g\u00f6re de\u011fi\u015fir. \u00d6rne\u011fin:<\/p>\n<ul>\n<li>Diskektomi ve f\u00fczyon (kayna\u015ft\u0131rma)<\/li>\n<li>Osteofitlerin \u00e7\u0131kar\u0131lmas\u0131<\/li>\n<li>Spinal kanal\u0131n geni\u015fletilmesi<\/li>\n<\/ul>\n<div style=\"display: flex; gap: 20px; margin-top: 20px;\">\n  <a href=\"https:\/\/www.youtube.com\/channel\/UC-EH3FtNo45g8-ja6zGzfTA\" target=\"_blank\" rel=\"noopener\"><br \/>\n    <img class=\"lazyload\" decoding=\"async\" src=\"data:image\/svg+xml,%3Csvg%20xmlns%3D%27http%3A%2F%2Fwww.w3.org%2F2000%2Fsvg%27%20width%3D%27500%27%20height%3D%27300%27%20viewBox%3D%270%200%20500%20300%27%3E%3Crect%20width%3D%27500%27%20height%3D%27300%27%20fill-opacity%3D%220%22%2F%3E%3C%2Fsvg%3E\" data-orig-src=\"https:\/\/turanuslu.net\/wp-content\/uploads\/2010\/04\/abone-olun.jpg\" alt=\"YouTube kanal\u0131na abone olun\" width=\"500\" height=\"300\" \/><br \/>\n  <\/a><br \/>\n  <a href=\"http:\/\/turanuslu.net\/es\/randevu\/\"><br \/>\n    <img class=\"lazyload\" decoding=\"async\" src=\"data:image\/svg+xml,%3Csvg%20xmlns%3D%27http%3A%2F%2Fwww.w3.org%2F2000%2Fsvg%27%20width%3D%27500%27%20height%3D%27300%27%20viewBox%3D%270%200%20500%20300%27%3E%3Crect%20width%3D%27500%27%20height%3D%27300%27%20fill-opacity%3D%220%22%2F%3E%3C%2Fsvg%3E\" data-orig-src=\"https:\/\/turanuslu.net\/wp-content\/uploads\/2010\/04\/randevu-alin.jpg\" alt=\"Randevu almak i\u00e7in t\u0131klay\u0131n\" width=\"500\" height=\"300\" \/><br \/>\n  <\/a>\n<\/div>\n<p>Boyun f\u0131t\u0131\u011f\u0131 ve dejeneratif boyun hastal\u0131klar\u0131 i\u00e7in Kad\u0131k\u00f6y A\u011fr\u0131 Merkezi olarak hizmetinizdeyiz. <strong>Fisioterapia y rehabilitaci\u00f3n<\/strong> programlar\u0131m\u0131zla sa\u011fl\u0131\u011f\u0131n\u0131z\u0131 destekliyoruz. Daha fazla bilgi ve randevu i\u00e7in <a href=\"http:\/\/turanuslu.net\/es\/randevu\/\">web sitemizi ziyaret edin<\/a> o <strong>90 530 343 7499<\/strong> numaral\u0131 telefondan bize ula\u015f\u0131n. Turan Uslu\u2019dan randevu alarak sa\u011fl\u0131kl\u0131 bir ya\u015fama ad\u0131m at\u0131n!<\/p>","protected":false},"excerpt":{"rendered":"<p>Boyun F\u0131t\u0131\u011f\u0131 ve Dejeneratif Boyun Hastal\u0131\u011f\u0131 Boyun F\u0131t\u0131\u011f\u0131 ve Dejeneratif [&hellip;]<\/p>\n","protected":false},"author":1,"featured_media":2740,"comment_status":"closed","ping_status":"closed","sticky":false,"template":"","format":"standard","meta":{"_jetpack_memberships_contains_paid_content":false,"footnotes":""},"categories":[678],"tags":[77,1374,1072,686,1375],"class_list":["post-2739","post","type-post","status-publish","format-standard","has-post-thumbnail","hentry","category-boyun-agrilari","tag-boyun-agrilari","tag-boyun-agrilari-fizik-tedavi","tag-boyun-agrilari-tedavisi","tag-boyun-fitigi","tag-boyun-fitigi-ve-dejeneratif-boyun-hastaligi"],"jetpack_featured_media_url":"https:\/\/turanuslu.net\/wp-content\/uploads\/2019\/07\/boyun-fitig\u0306i-ve-dejeneratif-boyun-hastaligi.jpg","jetpack_sharing_enabled":true,"_links":{"self":[{"href":"https:\/\/turanuslu.net\/es\/wp-json\/wp\/v2\/posts\/2739","targetHints":{"allow":["GET"]}}],"collection":[{"href":"https:\/\/turanuslu.net\/es\/wp-json\/wp\/v2\/posts"}],"about":[{"href":"https:\/\/turanuslu.net\/es\/wp-json\/wp\/v2\/types\/post"}],"author":[{"embeddable":true,"href":"https:\/\/turanuslu.net\/es\/wp-json\/wp\/v2\/users\/1"}],"replies":[{"embeddable":true,"href":"https:\/\/turanuslu.net\/es\/wp-json\/wp\/v2\/comments?post=2739"}],"version-history":[{"count":3,"href":"https:\/\/turanuslu.net\/es\/wp-json\/wp\/v2\/posts\/2739\/revisions"}],"predecessor-version":[{"id":11163,"href":"https:\/\/turanuslu.net\/es\/wp-json\/wp\/v2\/posts\/2739\/revisions\/11163"}],"wp:featuredmedia":[{"embeddable":true,"href":"https:\/\/turanuslu.net\/es\/wp-json\/wp\/v2\/media\/2740"}],"wp:attachment":[{"href":"https:\/\/turanuslu.net\/es\/wp-json\/wp\/v2\/media?parent=2739"}],"wp:term":[{"taxonomy":"category","embeddable":true,"href":"https:\/\/turanuslu.net\/es\/wp-json\/wp\/v2\/categories?post=2739"},{"taxonomy":"post_tag","embeddable":true,"href":"https:\/\/turanuslu.net\/es\/wp-json\/wp\/v2\/tags?post=2739"}],"curies":[{"name":"wp","href":"https:\/\/api.w.org\/{rel}","templated":true}]}}