{"id":49,"date":"2009-08-26T15:31:22","date_gmt":"2009-08-26T16:31:22","guid":{"rendered":"https:\/\/turanuslu.net\/?p=49"},"modified":"2021-03-20T09:26:48","modified_gmt":"2021-03-20T09:26:48","slug":"cocuklarda-bas-agrisi","status":"publish","type":"post","link":"https:\/\/turanuslu.net\/en\/cocuklarda-bas-agrisi\/","title":{"rendered":"\u00c7ocuklarda Ba\u015f A\u011fr\u0131s\u0131"},"content":{"rendered":"<h3>\u00c7ocuklarda Ba\u015f A\u011fr\u0131s\u0131<\/h3>\n<div id=\"attachment_2546\" style=\"width: 310px\" class=\"wp-caption alignleft\"><img decoding=\"async\" aria-describedby=\"caption-attachment-2546\" class=\"lazyload wp-image-2546 size-medium\" src=\"https:\/\/turanuslu.net\/wp-content\/uploads\/2009\/08\/Ekran-Resmi-2019-07-04-11.09.11-300x259.png\" data-orig-src=\"https:\/\/turanuslu.net\/wp-content\/uploads\/2009\/08\/Ekran-Resmi-2019-07-04-11.09.11-300x259.png\" alt=\"\u00c7ocuklarda Ba\u015f A\u011fr\u0131s\u0131\" width=\"300\" height=\"259\" srcset=\"data:image\/svg+xml,%3Csvg%20xmlns%3D%27http%3A%2F%2Fwww.w3.org%2F2000%2Fsvg%27%20width%3D%27300%27%20height%3D%27259%27%20viewBox%3D%270%200%20300%20259%27%3E%3Crect%20width%3D%27300%27%20height%3D%27259%27%20fill-opacity%3D%220%22%2F%3E%3C%2Fsvg%3E\" data-srcset=\"https:\/\/turanuslu.net\/wp-content\/uploads\/2009\/08\/Ekran-Resmi-2019-07-04-11.09.11-200x173.png 200w, https:\/\/turanuslu.net\/wp-content\/uploads\/2009\/08\/Ekran-Resmi-2019-07-04-11.09.11-300x259.png 300w, https:\/\/turanuslu.net\/wp-content\/uploads\/2009\/08\/Ekran-Resmi-2019-07-04-11.09.11-400x346.png 400w, https:\/\/turanuslu.net\/wp-content\/uploads\/2009\/08\/Ekran-Resmi-2019-07-04-11.09.11-600x518.png 600w, https:\/\/turanuslu.net\/wp-content\/uploads\/2009\/08\/Ekran-Resmi-2019-07-04-11.09.11.png 610w\" data-sizes=\"auto\" data-orig-sizes=\"(max-width: 300px) 100vw, 300px\" \/><p id=\"caption-attachment-2546\" class=\"wp-caption-text\">\u00c7ocuklarda Ba\u015f A\u011fr\u0131s\u0131<\/p><\/div>\n<p><strong>\u00c7ocuklarda Ba\u015f A\u011fr\u0131s\u0131<\/strong> sadece yeti\u015fkinlerde g\u00f6r\u00fclen bir hastal\u0131k de\u011fildir. 5-7 ya\u015f aras\u0131 \u00e7ocuklar\u0131n yakla\u015f\u0131k %\u201920\u2019sinde kronik ba\u015f a\u011fr\u0131lar\u0131 vard\u0131r. Daha b\u00fcy\u00fck \u00e7ocuklar ba\u015f a\u011fr\u0131lar\u0131n\u0131 tan\u0131mlayabilirler ancak k\u00fc\u00e7\u00fck \u00e7ocuklar bunu yapamazlar. Ara\u015ft\u0131rmac\u0131lar ba\u015f a\u011fr\u0131lar\u0131n\u0131 tiplerine g\u00f6re ve a\u011fr\u0131 olu\u015fma mekanizmalar\u0131na g\u00f6re s\u0131n\u0131fland\u0131rmaktad\u0131rlar. <strong>\u00c7ocuklarda<\/strong> g\u00f6r\u00fclen ba\u015f a\u011fr\u0131lar\u0131n\u0131n be\u015f sebebi oldu\u011funu tespit etmi\u015flerdir.<\/p>\n<h3>Gerilim Tipi<\/h3>\n<p>Bir\u00e7ok <strong>ba\u015f a\u011fr\u0131s\u0131<\/strong> boyun \u00e7evresindeki kaslar\u0131n kas\u0131lmas\u0131 ile olu\u015fur. \u00c7ocuklardaki <strong>gerilim tipi ba\u015f a\u011fr\u0131lar\u0131<\/strong> yanl\u0131\u015f duru\u015f, s\u0131k\u0131nt\u0131, \u00fcz\u00fcnt\u00fc, depresyon sebepli olabilir.<\/p>\n<h3>Damarsal<\/h3>\n<p>Kafatas\u0131 i\u00e7indeki ve \u00e7evresindeki kan damarlar\u0131 ve arterler geni\u015fleyebilirler. Bu geni\u015flemi\u015f damarlar beraberlerindeki sinirlere bas\u0131 yaparak a\u011fr\u0131lara sebep olurlar.<\/p>\n<h3>Kafa i\u00e7i bas\u0131n\u00e7 art\u0131\u015f\u0131<\/h3>\n<p>Baz\u0131 <strong>tumors<\/strong>, kan toplanmas\u0131, kanama vs organik sebepler kafa i\u00e7i bas\u0131nc\u0131n\u0131 artt\u0131rarak a\u011fr\u0131lara sebep olabilir.<\/p>\n<h3>\u0130ltihaplar<\/h3>\n<p>G\u00f6z, kulak, burun, di\u015f, sinus iltihaplanmalar\u0131 <strong>ba\u015f a\u011fr\u0131lar\u0131na<\/strong> sebep olabilirler.<\/p>\n<h3>N\u00f6rojenik veya Epileptik Ba\u015f a\u011fr\u0131lar\u0131<\/h3>\n<p>Epilepsi (sara) gibi baz\u0131 <strong>sinir rahats\u0131zl\u0131klar\u0131<\/strong> ba\u015f a\u011fr\u0131s\u0131 sebebi olabilirler.<\/p>\n<h3>\u00c7ocuklarda Gerilim Tipi Ba\u015f A\u011fr\u0131lar\u0131<\/h3>\n<p>Gerilim tipi ba\u015f a\u011fr\u0131lar\u0131 boyun \u00e7evresindeki kaslar\u0131n kas\u0131larak olu\u015fturdu\u011fu <strong>gerilim<\/strong> sonucunda ortaya \u00e7\u0131karlar. \u00c7ocuklarda g\u00f6r\u00fclen gerilim tipi ba\u015f a\u011fr\u0131lar\u0131n\u0131n \u00e7e\u015fitli nedenleri vard\u0131r. Genellikle okulda iken g\u00f6r\u00fcl\u00fcr, oyun<br \/>\noynarken, yemek yerken veya istirahat ederken g\u00f6r\u00fclmez<\/p>\n<h5>\u00c7ocuklarda Gerilim Tipi Ba\u015f A\u011fr\u0131lar\u0131 Sebepleri<\/h5>\n<ul>\n<li><strong>Stres<\/strong>: Stres, anksiyete veya depresyon b\u00fcy\u00fcklerde oldu\u011fu gibi \u00e7ocuklarda da ba\u015f a\u011fr\u0131lar\u0131na sebep olabilir. Genellikle bu gerginlik okulda olu\u015fmaktad\u0131r. Ancak bunun d\u0131\u015f\u0131nda depresif \u00e7ocuklarda da ba\u015f a\u011fr\u0131lar\u0131na rastlanabilir.<\/li>\n<li><strong>Bedensel gerilim<\/strong>: Duru\u015f bozukluklar\u0131, g\u00f6z bozukluklar\u0131 gibi bedensel arazlar \u00e7ocuklarda gerilim tipi ba\u015f a\u011fr\u0131lar\u0131na sebep olabilmektedir.<\/li>\n<li><strong>A\u00e7l\u0131k<\/strong>: \u00c7ocuklarda g\u00f6r\u00fclen gerilim tipi ba\u015f a\u011fr\u0131lar\u0131 bazen a\u00e7l\u0131k gibi basit nedenlerle olu\u015fabilmektedir.<\/li>\n<\/ul>\n<h3>Baz\u0131 iltihabi hastal\u0131klar<\/h3>\n<h5>Baz\u0131 tetikleyici yiyeceklerin yenmesi ba\u015f a\u011fr\u0131s\u0131na ba\u015flatabilmektedir ;<\/h5>\n<h6><strong style=\"font-size: 16px;\">Kafein<\/strong><span style=\"font-size: 16px;\">, <\/span><strong style=\"font-size: 16px;\">\u00e7ikolata<\/strong><span style=\"font-size: 16px;\">, baz\u0131 et \u00fcr\u00fcnleri, baz\u0131 meyveler <\/span><span style=\"font-size: 16px;\">tetikleyici rol oynamaktad\u0131r. Bu yiyeceklerin hangileri oldu\u011fu \u00e7ocuk <\/span><strong style=\"font-size: 16px;\">takip edilerek<\/strong><span style=\"font-size: 16px;\"> \u00f6\u011frenilebilir.<\/span><\/h6>\n<h5>Treatment<\/h5>\n<p><strong>Gerilim tipi ba\u015f a\u011fr\u0131lar\u0131nda<\/strong> \u00f6nleyici tedavi olarak beta blokerler ve antidepressanlar kullan\u0131labilmektedir. Hangi t\u00fcr ila\u00e7lar\u0131n ne miktarlarda kullan\u0131laca\u011f\u0131na doktorunuz karar vermelidir. Olu\u015fmu\u015f olan ba\u015f a\u011fr\u0131s\u0131n\u0131n<br \/>\ngiderilmesi i\u00e7in ise nonsteroid antienflamatuarlar ve <strong>gev\u015feme egzersizleri<\/strong> yararl\u0131 olmaktad\u0131r.<\/p>\n<p>&nbsp;<\/p>\n<h3>\u00c7ocuklarda Migren<\/h3>\n<p>7 ya\u015f alt\u0131ndaki \u00e7ocuklar genellikle migren a\u011fr\u0131lar\u0131n\u0131 tan\u0131mlayamazlar. 10 ya\u015flar\u0131na do\u011fru ise giderek bu a\u011fr\u0131lar\u0131 tan\u0131mlamaya ba\u015flarlar. 7 ya\u015f \u00f6ncesi g\u00f6r\u00fclme s\u0131kl\u0131\u011f\u0131 %2,5; 7 ya\u015f ile <strong>ergenlik<\/strong> aras\u0131nda g\u00f6r\u00fclme s\u0131kl\u0131\u011f\u0131 ise %5 ler civar\u0131ndad\u0131r.<\/p>\n<p><strong>Migren damarsal ba\u015f a\u011fr\u0131s\u0131d\u0131r<\/strong>. Damarlardaki geni\u015fleme ve daralmalar migrenin zonklama tarz\u0131ndaki a\u011fr\u0131lar\u0131n\u0131 tetiklemektedir.<\/p>\n<p>A\u011fr\u0131lar tekrarlamaktad\u0131r ve aralarda a\u011fr\u0131s\u0131z d\u00f6nemler vard\u0131r. A\u011fr\u0131 ba\u015flamadan \u00f6nce aura ad\u0131 verilen ve a\u011fr\u0131n\u0131n ba\u015flayaca\u011f\u0131n\u0131 g\u00f6steren belirtilerin oldu\u011fu bir d\u00f6nem olabilir. Aura esnas\u0131nda \u00e7ocuk dalgalanan \u00e7izgiler, parlak \u0131\u015f\u0131klar, karanl\u0131k noktalar g\u00f6rebilir. Ancak bu aura d\u00f6nemi b\u00fct\u00fcn \u00e7ocuklarda yoktur.<\/p>\n<p><strong>Deride solukluk<\/strong>, a\u015f\u0131r\u0131 yorgunluk, ba\u015f\u0131n bir yan\u0131nda veya al\u0131nda zonklay\u0131c\u0131 a\u011fr\u0131, kar\u0131n a\u011fr\u0131s\u0131, kusma bulant\u0131 olu\u015fur. Ruhsal durumunda de\u011fi\u015fiklikler, ba\u015f d\u00f6nmesi, g\u00f6rme bulan\u0131kl\u0131\u011f\u0131, i\u015ftah art\u0131\u015f\u0131 veya azalmas\u0131 e\u015flik edebilir. Migrenli \u00e7ocuklar\u0131n % 70-90 \u0131n\u0131n ailelerinde de migren \u015fikayetleri vard\u0131r ve \u00e7ocu\u011fun ki\u015filik yap\u0131s\u0131 migrenli olan ebeveynine \u00e7ok benzemektedir.<\/p>\n<p>Parlak ve titrek \u0131\u015f\u0131klar, g\u00fcr\u00fclt\u00fc, sinema veya TV, fiziksel veya ruhsal gerginlikler, anksiyete veya depresyon, tetikleyici rol oynamaktad\u0131r. Nadir olarak da a\u015f\u0131r\u0131 yorulma ve \u00e7ok fazla g\u00fcne\u015f \u0131\u015f\u0131\u011f\u0131 migrende tetikleyici fakt\u00f6r olarak rol oynayabilir. Tedavisinde doktorunuzun \u00f6nerisi ile betablokerler veya antidepressanlar \u00f6nleyici olarak, parasetamol a\u011fr\u0131lar\u0131n kesilmesi i\u00e7in kullan\u0131labilir.<\/p>\n<h3>Organik Nedenli Ba\u015f a\u011fr\u0131lar\u0131<\/h3>\n<h5>Ate\u015f<\/h5>\n<p><strong>Ba\u015f a\u011fr\u0131s\u0131<\/strong> y\u00fcksek ate\u015f sebebi ile olu\u015fabilir. \u0130lk olarak \u00e7ocu\u011funuzun ate\u015fini \u00f6l\u00e7melisiniz.<\/p>\n<h5>Enfeksiyonlar<\/h5>\n<p>Ba\u015f a\u011fr\u0131s\u0131 bir\u00e7ok <strong>enfeksiyon<\/strong> da olu\u015fabilir. Enfeksiyon kulakta, idrar yollar\u0131nda, akci\u011ferlerde olabilir.<\/p>\n<h5>Kafa Travmalar\u0131<\/h5>\n<p>D\u00fc\u015fme ve \u00e7arpmalar sonucu ba\u015f a\u011fr\u0131lar\u0131 \u00e7ocuklarda s\u0131k g\u00f6r\u00fcl\u00fcr. Kafa travmalar\u0131nda beyinde hasar olup olmad\u0131\u011f\u0131 sadece klinik testlerle anla\u015f\u0131labilir. Bu t\u00fcr durumlarda mutlaka sa\u011fl\u0131k kurulu\u015funa g\u00f6t\u00fcr\u00fcn\u00fcz. Zaman ilerledik\u00e7e uyku hali, <strong>mide bulant\u0131s\u0131 ve kusma,<\/strong> bilin\u00e7 kayb\u0131 geli\u015febilir.<\/p>\n<h5>Beyin T\u00fcm\u00f6rleri<\/h5>\n<p>Ba\u015f a\u011fr\u0131s\u0131 olan \u00e7ocuklar\u0131n %1 inden az\u0131nda iyi huylu veya <strong>k\u00f6t\u00fc huylu beyin t\u00fcm\u00f6rleri<\/strong> bulunmu\u015ftur. T\u00fcm\u00f6r b\u00fcy\u00fcd\u00fck\u00e7e ba\u015f a\u011fr\u0131lar\u0131n\u0131n \u015fiddeti artar ve t\u00fcm\u00f6r\u00fcn tipine ve yerine g\u00f6re baz\u0131 ba\u015fka bulgularda e\u015flik eder.<\/p>\n<h5>Menenjitler<\/h5>\n<p>Ba\u015f a\u011fr\u0131s\u0131n\u0131n yan\u0131nda<strong> y\u00fcksek ate\u015f<\/strong>, ense sertli\u011fi, zihinsel bulan\u0131kl\u0131k, uyku hali de e\u015flik eder.<\/p>\n<p><a href=\"https:\/\/www.youtube.com\/channel\/UC-EH3FtNo45g8-ja6zGzfTA\" target=\"_blank\" rel=\"noopener\"><img decoding=\"async\" class=\"lazyload wp-image-2466 size-full alignleft\" src=\"https:\/\/turanuslu.net\/wp-content\/uploads\/2010\/04\/abone-olun.jpg\" data-orig-src=\"https:\/\/turanuslu.net\/wp-content\/uploads\/2010\/04\/abone-olun.jpg\" alt=\"\" width=\"500\" height=\"300\" srcset=\"data:image\/svg+xml,%3Csvg%20xmlns%3D%27http%3A%2F%2Fwww.w3.org%2F2000%2Fsvg%27%20width%3D%27500%27%20height%3D%27300%27%20viewBox%3D%270%200%20500%20300%27%3E%3Crect%20width%3D%27500%27%20height%3D%27300%27%20fill-opacity%3D%220%22%2F%3E%3C%2Fsvg%3E\" data-srcset=\"https:\/\/turanuslu.net\/wp-content\/uploads\/2010\/04\/abone-olun-200x120.jpg 200w, https:\/\/turanuslu.net\/wp-content\/uploads\/2010\/04\/abone-olun-300x180.jpg 300w, https:\/\/turanuslu.net\/wp-content\/uploads\/2010\/04\/abone-olun-400x240.jpg 400w, https:\/\/turanuslu.net\/wp-content\/uploads\/2010\/04\/abone-olun.jpg 500w\" data-sizes=\"auto\" data-orig-sizes=\"(max-width: 500px) 100vw, 500px\" \/><\/a><a href=\"http:\/\/turanuslu.net\/en\/randevu\/\"><img decoding=\"async\" class=\"lazyload alignleft wp-image-2465 size-full\" src=\"https:\/\/turanuslu.net\/wp-content\/uploads\/2010\/04\/randevu-alin.jpg\" data-orig-src=\"https:\/\/turanuslu.net\/wp-content\/uploads\/2010\/04\/randevu-alin.jpg\" alt=\"\" width=\"500\" height=\"300\" srcset=\"data:image\/svg+xml,%3Csvg%20xmlns%3D%27http%3A%2F%2Fwww.w3.org%2F2000%2Fsvg%27%20width%3D%27500%27%20height%3D%27300%27%20viewBox%3D%270%200%20500%20300%27%3E%3Crect%20width%3D%27500%27%20height%3D%27300%27%20fill-opacity%3D%220%22%2F%3E%3C%2Fsvg%3E\" data-srcset=\"https:\/\/turanuslu.net\/wp-content\/uploads\/2010\/04\/randevu-alin-200x120.jpg 200w, https:\/\/turanuslu.net\/wp-content\/uploads\/2010\/04\/randevu-alin-300x180.jpg 300w, https:\/\/turanuslu.net\/wp-content\/uploads\/2010\/04\/randevu-alin-400x240.jpg 400w, https:\/\/turanuslu.net\/wp-content\/uploads\/2010\/04\/randevu-alin.jpg 500w\" data-sizes=\"auto\" data-orig-sizes=\"(max-width: 500px) 100vw, 500px\" \/><\/a><\/p>","protected":false},"excerpt":{"rendered":"<p>\u00c7ocuklarda Ba\u015f A\u011fr\u0131s\u0131 \u00c7ocuklarda Ba\u015f A\u011fr\u0131s\u0131 sadece yeti\u015fkinlerde g\u00f6r\u00fclen bir [&hellip;]<\/p>\n","protected":false},"author":1,"featured_media":2547,"comment_status":"open","ping_status":"closed","sticky":false,"template":"","format":"standard","meta":{"_jetpack_memberships_contains_paid_content":false,"footnotes":""},"categories":[552],"tags":[556,571,572,573,574,575,576],"class_list":["post-49","post","type-post","status-publish","format-standard","has-post-thumbnail","hentry","category-bas-agrilari","tag-bas-agrisi","tag-beyin-tumoru","tag-cocuklarda-bas-agrisi","tag-cocuklarda-basagrilari","tag-cocuklarda-basagrisi-tedavisi","tag-menenjit","tag-menenjit-tedavisi"],"jetpack_featured_media_url":"https:\/\/turanuslu.net\/wp-content\/uploads\/2009\/08\/cocuklarda-bas-agirisi.jpg","jetpack_sharing_enabled":true,"_links":{"self":[{"href":"https:\/\/turanuslu.net\/en\/wp-json\/wp\/v2\/posts\/49","targetHints":{"allow":["GET"]}}],"collection":[{"href":"https:\/\/turanuslu.net\/en\/wp-json\/wp\/v2\/posts"}],"about":[{"href":"https:\/\/turanuslu.net\/en\/wp-json\/wp\/v2\/types\/post"}],"author":[{"embeddable":true,"href":"https:\/\/turanuslu.net\/en\/wp-json\/wp\/v2\/users\/1"}],"replies":[{"embeddable":true,"href":"https:\/\/turanuslu.net\/en\/wp-json\/wp\/v2\/comments?post=49"}],"version-history":[{"count":5,"href":"https:\/\/turanuslu.net\/en\/wp-json\/wp\/v2\/posts\/49\/revisions"}],"predecessor-version":[{"id":10358,"href":"https:\/\/turanuslu.net\/en\/wp-json\/wp\/v2\/posts\/49\/revisions\/10358"}],"wp:featuredmedia":[{"embeddable":true,"href":"https:\/\/turanuslu.net\/en\/wp-json\/wp\/v2\/media\/2547"}],"wp:attachment":[{"href":"https:\/\/turanuslu.net\/en\/wp-json\/wp\/v2\/media?parent=49"}],"wp:term":[{"taxonomy":"category","embeddable":true,"href":"https:\/\/turanuslu.net\/en\/wp-json\/wp\/v2\/categories?post=49"},{"taxonomy":"post_tag","embeddable":true,"href":"https:\/\/turanuslu.net\/en\/wp-json\/wp\/v2\/tags?post=49"}],"curies":[{"name":"wp","href":"https:\/\/api.w.org\/{rel}","templated":true}]}}