{"id":8321,"date":"2019-07-19T06:41:42","date_gmt":"2019-07-19T07:41:42","guid":{"rendered":"https:\/\/turanuslu.net\/?p=8321"},"modified":"2025-01-20T16:02:21","modified_gmt":"2025-01-20T16:02:21","slug":"kuru-igne-nerelerde-uygulanir","status":"publish","type":"post","link":"https:\/\/turanuslu.net\/de\/kuru-igne-nerelerde-uygulanir\/","title":{"rendered":"Wo wird Dry Needling angewendet?"},"content":{"rendered":"<h2>Kuru \u0130\u011fne Nerelerde Uygulan\u0131r?<\/h2>\n<p><strong>Kuru i\u011fne tedavisi<\/strong> (\u0130MS), a\u011fr\u0131l\u0131 sendromlar\u0131n d\u0131\u015f\u0131nda bir\u00e7ok farkl\u0131 alanda da kullan\u0131labilir. \u00d6rne\u011fin, cilt k\u0131r\u0131\u015f\u0131kl\u0131klar\u0131 ve mikro \u00e7ukurluklar\u0131n tedavisinde etkili sonu\u00e7lar al\u0131nabilir. Ayr\u0131ca:<\/p>\n<ul>\n<li>Hemiplejik hastalar\u0131n omuz ve kal\u00e7a sendromlar\u0131nda rehabilitasyonu destekler,<\/li>\n<li>N\u00f6ropatilerin tedavisinde k\u0131smi etkilidir,<\/li>\n<li>Eklem kontrakt\u00fcrlerinde eklem hareket a\u00e7\u0131kl\u0131\u011f\u0131n\u0131 art\u0131r\u0131r.<\/li>\n<\/ul>\n<h3>Kuru \u0130\u011fne Tedavisi (\u0130MS) Hangi Hastal\u0131klar\u0131n Tedavisinde Uygulanmaktad\u0131r?<\/h3>\n<ul>\n<li><strong><a href=\"https:\/\/turanuslu.net\/de\/bas-agrilari\/\">Ba\u015f a\u011fr\u0131lar\u0131<\/a><\/strong><\/li>\n<li><strong>Boyun ve s\u0131rt a\u011fr\u0131lar\u0131<\/strong><\/li>\n<li>Donuk omuz (omuzun hareket k\u0131s\u0131tl\u0131l\u0131\u011f\u0131) ve di\u011fer omuz a\u011fr\u0131lar\u0131<\/li>\n<li><strong>Bel a\u011fr\u0131s\u0131<\/strong><\/li>\n<li>Tenis\u00e7i dirse\u011fi ve golf\u00e7\u00fc dirse\u011fi<\/li>\n<li>A\u011fr\u0131l\u0131 kas spazmlar\u0131<\/li>\n<li>Repetitif strain injurileri (bilgisayar kullan\u0131m\u0131na ba\u011fl\u0131 a\u011fr\u0131lar)<\/li>\n<li><strong>Duru\u015f bozuklu\u011funa ba\u011fl\u0131 a\u011fr\u0131lar<\/strong><\/li>\n<li>Fibromiyaljide k\u0131smen etkilidir<\/li>\n<li>Miyofasial a\u011fr\u0131 sendromlar\u0131<\/li>\n<li>Adduktor tendinit (kas\u0131k \u00e7ekmesi)<\/li>\n<li>Tendinitler (el, dirsek, omuz, topuk, kas\u0131k)<\/li>\n<li><strong>Diz a\u011fr\u0131s\u0131<\/strong> (kondromalazi patella)<\/li>\n<li>Kal\u00e7a a\u011fr\u0131lar\u0131 (adduktor spazm, kaps\u00fclit)<\/li>\n<li><strong>Topuk a\u011fr\u0131lar\u0131<\/strong><\/li>\n<li>Siyataljiler<\/li>\n<li>Spor yaralanmalar\u0131 ve rehabilitasyonu<\/li>\n<li><strong>\u00c7ene eklemi a\u011fr\u0131s\u0131<\/strong><\/li>\n<li>Whiplash yaralanmalar\u0131 (travma sonras\u0131 omurga a\u011fr\u0131lar\u0131)<\/li>\n<li>Disk hastal\u0131klar\u0131 (bel, boyun, s\u0131rt)<\/li>\n<\/ul>\n<h3>Kuru \u0130\u011fne Tedavisi Ka\u00e7 Seans Uygulanmaktad\u0131r?<\/h3>\n<p><strong>\u0130MS tedavisinde<\/strong> seans say\u0131s\u0131 hastal\u0131\u011f\u0131n t\u00fcr\u00fcne, yayg\u0131nl\u0131\u011f\u0131na ve hastan\u0131n durumuna g\u00f6re de\u011fi\u015fir. Genelde <strong>haftada 1 veya 2 seans<\/strong> uygulan\u0131r. E\u011fer a\u011fr\u0131 \u00e7ok kronikse veya hasta daha \u00f6nce cerrahi bir i\u015flem ge\u00e7irdiyse, seans aral\u0131klar\u0131 daha k\u0131sa ve toplam seans say\u0131s\u0131 daha fazla olabilir. Tipik olarak 6-10 seans yeterli olur. Ancak baz\u0131 durumlarda bu say\u0131 15\u2019e kadar \u00e7\u0131kabilir. Hastal\u0131\u011f\u0131n ge\u00e7ici alevlenmelerinde ise tek seansl\u0131k bir tekrar yeterli olabilir.<\/p>\n<h3>Kuru \u0130\u011fne Ac\u0131t\u0131r m\u0131? \u0130MS A\u011fr\u0131l\u0131 Bir Y\u00f6ntem midir?<\/h3>\n<p><strong>Kuru i\u011fne tedavisinde<\/strong> kullan\u0131lan i\u011fneler son derece incedir ve normal enjeksiyon i\u011fnelerine k\u0131yasla ac\u0131y\u0131 en aza indirmek i\u00e7in tasarlanm\u0131\u015ft\u0131r. Deriyi ge\u00e7erken bir k\u0131lavuz yard\u0131m\u0131yla h\u0131zl\u0131 bir \u015fekilde bat\u0131r\u0131larak ac\u0131 hissi azalt\u0131l\u0131r. Ayak taban\u0131 veya el gibi hassas b\u00f6lgelerde hafif bir a\u011fr\u0131 duyulabilirken, di\u011fer kas gruplar\u0131na yap\u0131lan uygulamalar genellikle iyi tolere edilir.<\/p>\n<p>Kaslar\u0131n normal olmas\u0131 durumunda a\u011fr\u0131 hissedilmez. Ancak kas s\u00fcpersensitif veya a\u015f\u0131r\u0131 k\u0131salm\u0131\u015fsa, i\u011fne bat\u0131r\u0131ld\u0131\u011f\u0131nda kas\u0131n spazm\u0131 nedeniyle \u00f6zel bir a\u011fr\u0131 hissi olu\u015fabilir. Bu a\u011fr\u0131 ge\u00e7icidir ve kas\u0131n gev\u015femesiyle birlikte ciddi bir rahatlama sa\u011flan\u0131r. \u0130lk birka\u00e7 seansta baz\u0131 hastalar a\u011fr\u0131dan bahsedebilir, ancak seanslar ilerledik\u00e7e bu durum azal\u0131r.<\/p>\n<p>Daha fazla bilgi almak veya <strong>Turan Uslu<\/strong>\u2019dan randevu olu\u015fturmak i\u00e7in <strong>90 530 343 7499<\/strong> numaral\u0131 telefondan Kad\u0131k\u00f6y A\u011fr\u0131 Merkezi ile ileti\u015fime ge\u00e7ebilirsiniz!<\/p>\n<p><a href=\"https:\/\/www.youtube.com\/channel\/UC-EH3FtNo45g8-ja6zGzfTA\" target=\"_blank\" rel=\"noopener\"><img decoding=\"async\" class=\"lazyload wp-image-2466 size-full alignleft\" src=\"data:image\/svg+xml,%3Csvg%20xmlns%3D%27http%3A%2F%2Fwww.w3.org%2F2000%2Fsvg%27%20width%3D%27300%27%20height%3D%27150%27%20viewBox%3D%270%200%20300%20150%27%3E%3Crect%20width%3D%27300%27%20height%3D%27150%27%20fill-opacity%3D%220%22%2F%3E%3C%2Fsvg%3E\" data-orig-src=\"https:\/\/turanuslu.net\/wp-content\/uploads\/2010\/04\/abone-olun.jpg\" alt=\"YouTube kanal\u0131m\u0131za abone olun\" width=\"300\" height=\"150\" \/><\/a><br \/>\n<a href=\"http:\/\/turanuslu.net\/de\/randevu\/\"><img decoding=\"async\" class=\"lazyload alignleft wp-image-2465 size-full\" src=\"data:image\/svg+xml,%3Csvg%20xmlns%3D%27http%3A%2F%2Fwww.w3.org%2F2000%2Fsvg%27%20width%3D%27300%27%20height%3D%27150%27%20viewBox%3D%270%200%20300%20150%27%3E%3Crect%20width%3D%27300%27%20height%3D%27150%27%20fill-opacity%3D%220%22%2F%3E%3C%2Fsvg%3E\" data-orig-src=\"https:\/\/turanuslu.net\/wp-content\/uploads\/2010\/04\/randevu-alin.jpg\" alt=\"Turan Uslu'dan randevu al\u0131n\" width=\"300\" height=\"150\" \/><\/a><\/p>","protected":false},"excerpt":{"rendered":"<p>Kuru \u0130\u011fne Nerelerde Uygulan\u0131r? Kuru i\u011fne tedavisi (\u0130MS), a\u011fr\u0131l\u0131 sendromlar\u0131n [&hellip;]<\/p>\n","protected":false},"author":1,"featured_media":8322,"comment_status":"open","ping_status":"closed","sticky":false,"template":"","format":"standard","meta":{"_jetpack_memberships_contains_paid_content":false,"footnotes":""},"categories":[787],"tags":[1464,1465,1466,1467],"class_list":["post-8321","post","type-post","status-publish","format-standard","has-post-thumbnail","hentry","category-kuru-igne-tedavisi-ims","tag-kuru-igne-hangi-bolgelere-yapilir","tag-kuru-igne-nerelerde-satilir","tag-kuru-igne-nerelere-yapilir","tag-kuru-igne-seans-ucreti"],"jetpack_featured_media_url":"https:\/\/turanuslu.net\/wp-content\/uploads\/2019\/07\/kuru-igne-nerelere-uygulanir.jpg","jetpack_sharing_enabled":true,"_links":{"self":[{"href":"https:\/\/turanuslu.net\/de\/wp-json\/wp\/v2\/posts\/8321","targetHints":{"allow":["GET"]}}],"collection":[{"href":"https:\/\/turanuslu.net\/de\/wp-json\/wp\/v2\/posts"}],"about":[{"href":"https:\/\/turanuslu.net\/de\/wp-json\/wp\/v2\/types\/post"}],"author":[{"embeddable":true,"href":"https:\/\/turanuslu.net\/de\/wp-json\/wp\/v2\/users\/1"}],"replies":[{"embeddable":true,"href":"https:\/\/turanuslu.net\/de\/wp-json\/wp\/v2\/comments?post=8321"}],"version-history":[{"count":5,"href":"https:\/\/turanuslu.net\/de\/wp-json\/wp\/v2\/posts\/8321\/revisions"}],"predecessor-version":[{"id":11131,"href":"https:\/\/turanuslu.net\/de\/wp-json\/wp\/v2\/posts\/8321\/revisions\/11131"}],"wp:featuredmedia":[{"embeddable":true,"href":"https:\/\/turanuslu.net\/de\/wp-json\/wp\/v2\/media\/8322"}],"wp:attachment":[{"href":"https:\/\/turanuslu.net\/de\/wp-json\/wp\/v2\/media?parent=8321"}],"wp:term":[{"taxonomy":"category","embeddable":true,"href":"https:\/\/turanuslu.net\/de\/wp-json\/wp\/v2\/categories?post=8321"},{"taxonomy":"post_tag","embeddable":true,"href":"https:\/\/turanuslu.net\/de\/wp-json\/wp\/v2\/tags?post=8321"}],"curies":[{"name":"wp","href":"https:\/\/api.w.org\/{rel}","templated":true}]}}