{"id":8248,"date":"2019-07-18T07:44:25","date_gmt":"2019-07-18T08:44:25","guid":{"rendered":"https:\/\/turanuslu.net\/?p=8248"},"modified":"2025-01-21T18:47:00","modified_gmt":"2025-01-21T18:47:00","slug":"servikal-osteoartrit-sevikal-spondiloz-boyun-kireclenmesi","status":"publish","type":"post","link":"https:\/\/turanuslu.net\/de\/servikal-osteoartrit-sevikal-spondiloz-boyun-kireclenmesi\/","title":{"rendered":"SERV\u0130KAL OSTEOARTR\u0130T (SEV\u0130KAL SPOND\u0130LOZ, BOYUN K\u0130RE\u00c7LENMES\u0130)"},"content":{"rendered":"<h1>Boyun Kire\u00e7lenmesi (Servikal Osteoartrit)<\/h1>\n<p><img decoding=\"async\" class=\"lazyload alignleft wp-image-8249 size-medium\" src=\"https:\/\/turanuslu.net\/wp-content\/uploads\/2019\/07\/boyun-kireclenmesi-300x300.jpg\" data-orig-src=\"https:\/\/turanuslu.net\/wp-content\/uploads\/2019\/07\/boyun-kireclenmesi-300x300.jpg\" alt=\"Boyun kire\u00e7lenmesi nedir, boyun kire\u00e7lenmesi tedavisi, boyun kire\u00e7lenmesi\" width=\"300\" height=\"300\" srcset=\"data:image\/svg+xml,%3Csvg%20xmlns%3D%27http%3A%2F%2Fwww.w3.org%2F2000%2Fsvg%27%20width%3D%27300%27%20height%3D%27300%27%20viewBox%3D%270%200%20300%20300%27%3E%3Crect%20width%3D%27300%27%20height%3D%27300%27%20fill-opacity%3D%220%22%2F%3E%3C%2Fsvg%3E\" data-srcset=\"https:\/\/turanuslu.net\/wp-content\/uploads\/2019\/07\/boyun-kireclenmesi-66x66.jpg 66w, https:\/\/turanuslu.net\/wp-content\/uploads\/2019\/07\/boyun-kireclenmesi-150x150.jpg 150w, https:\/\/turanuslu.net\/wp-content\/uploads\/2019\/07\/boyun-kireclenmesi-200x200.jpg 200w, https:\/\/turanuslu.net\/wp-content\/uploads\/2019\/07\/boyun-kireclenmesi-300x300.jpg 300w, https:\/\/turanuslu.net\/wp-content\/uploads\/2019\/07\/boyun-kireclenmesi-400x400.jpg 400w, https:\/\/turanuslu.net\/wp-content\/uploads\/2019\/07\/boyun-kireclenmesi.jpg 600w\" data-sizes=\"auto\" data-orig-sizes=\"(max-width: 300px) 100vw, 300px\" \/><\/p>\n<p><strong>Boyun kire\u00e7lenmesi<\/strong> veya t\u0131bbi ad\u0131yla <strong>servikal osteoartrit<\/strong>, boyun omurgas\u0131nda meydana gelen dejeneratif bir hastal\u0131kt\u0131r. Bu durum, omurgadaki disklerin ve eklemlerin ya\u015flanma, a\u015f\u0131r\u0131 kullan\u0131m veya yanl\u0131\u015f kullan\u0131m sonucu y\u0131pranmas\u0131 ile ortaya \u00e7\u0131kar. \u00d6zellikle C5-C6 ve C6-C7 omurlar\u0131 aras\u0131nda g\u00f6r\u00fclme s\u0131kl\u0131\u011f\u0131 y\u00fcksektir. Bu bozukluklar genellikle travmalar, mesleki zorlanmalar ve ya\u015flanma ile ili\u015fkilidir.<\/p>\n<h2>Hastal\u0131\u011f\u0131n Geli\u015fimi<\/h2>\n<p>Boyun kire\u00e7lenmesi genellikle \u015fu \u015fekilde ilerler:<\/p>\n<ul>\n<li>Disklerdeki y\u0131pranma anulus fibrozisten ba\u015flar ve y\u0131rt\u0131klar olu\u015fur.<\/li>\n<li>Disk aral\u0131klar\u0131 daral\u0131r, disk y\u00fcksekli\u011fi azal\u0131r ve osteofit ad\u0131 verilen kemik \u00e7\u0131k\u0131nt\u0131lar olu\u015fur.<\/li>\n<li>Faset eklemlerde k\u0131k\u0131rdak a\u015f\u0131nmas\u0131 ve aral\u0131\u011f\u0131n daralmas\u0131 g\u00f6r\u00fcl\u00fcr.<\/li>\n<li>Osteofitler ve yumu\u015fak doku \u00f6demi, sinir k\u00f6klerine ve omurilik kanal\u0131na bask\u0131 yapar.<\/li>\n<li>Bu durum bazen ciddi bir tablo olan <strong>servikal miyelopati<\/strong>ye yol a\u00e7abilir.<\/li>\n<\/ul>\n<h2>Boyun Kire\u00e7lenmesi Belirtileri<\/h2>\n<p>Boyun kire\u00e7lenmesinde en s\u0131k kar\u015f\u0131la\u015f\u0131lan belirtiler \u015funlard\u0131r:<\/p>\n<ul>\n<li>Boyun, omuz, kol ve ba\u015f a\u011fr\u0131lar\u0131.<\/li>\n<li>Kollarda ve ellerde uyu\u015fma, kar\u0131ncalanma, g\u00fc\u00e7 kayb\u0131.<\/li>\n<li>Boyun hareketlerinde tutukluk ve krepitasyon (hareket s\u0131ras\u0131nda \u00e7\u0131t\u0131rt\u0131 sesi).<\/li>\n<li>Duyu kayb\u0131 ve reflekslerde azalma.<\/li>\n<li>Ba\u015f d\u00f6nmesi, kulak \u00e7\u0131nlamas\u0131, g\u00f6rme keskinli\u011finde azalma.<\/li>\n<li>Anksiyete, depresyon ve konsantrasyon g\u00fc\u00e7l\u00fc\u011f\u00fc.<\/li>\n<li>Uzun s\u00fcreli vakalarda kas erimesi ve omuz asimetrisi.<\/li>\n<\/ul>\n<h2>Boyun Kire\u00e7lenmesinin Tan\u0131s\u0131<\/h2>\n<p>Boyun kire\u00e7lenmesinin te\u015fhisinde \u015fu y\u00f6ntemler kullan\u0131l\u0131r:<\/p>\n<ul>\n<li><strong>R\u00f6ntgen:<\/strong> Disk aral\u0131klar\u0131n\u0131n daralmas\u0131 ve osteofitlerin g\u00f6r\u00fclmesi.<\/li>\n<li><strong>MRT:<\/strong> Disklerdeki ve sinir k\u00f6klerindeki de\u011fi\u015fiklikleri g\u00f6sterir.<\/li>\n<li><strong>BT:<\/strong> Omurilik kanal\u0131n\u0131n \u00e7ap\u0131n\u0131 \u00f6l\u00e7mek i\u00e7in kullan\u0131l\u0131r.<\/li>\n<li><strong>EMG:<\/strong> Sinir hasar\u0131n\u0131 de\u011ferlendirmek i\u00e7in uygulan\u0131r.<\/li>\n<\/ul>\n<h2>Boyun Kire\u00e7lenmesi Tedavisi<\/h2>\n<p>Tedavi, genellikle ameliyats\u0131z y\u00f6ntemlerle ba\u015flar ve semptomlar\u0131n \u015fiddetine g\u00f6re \u015fekillenir:<\/p>\n<h3>Konservatif Tedavi<\/h3>\n<ul>\n<li>A\u011fr\u0131 kesici, kas gev\u015fetici ve antidepresan ila\u00e7lar.<\/li>\n<li>K\u0131sa s\u00fcreli korse kullan\u0131m\u0131 (uzun s\u00fcreli kullan\u0131m \u00f6nerilmez).<\/li>\n<li>Fizik tedavi ve rehabilitasyon:<\/li>\n<ul>\n<li>Kas g\u00fc\u00e7lendirme egzersizleri.<\/li>\n<li>S\u0131cak-so\u011fuk uygulamalar\u0131.<\/li>\n<li>Elektroterapi ve y\u00fczeysel masaj.<\/li>\n<li>Boyun traksiyonu (boynun \u00e7ekilmesi).<\/li>\n<\/ul>\n<li>Paravertebral \u0130MS, proloterapi gibi enjeksiyonlar.<\/li>\n<\/ul>\n<h3>Cerrahi M\u00fcdahale<\/h3>\n<p>Cerrahi, \u015fiddetli sinir bask\u0131s\u0131 veya servikal miyelopati durumlar\u0131nda tercih edilir. Ameliyat sonras\u0131 rehabilitasyon, tam iyile\u015fme i\u00e7in \u00f6nemlidir.<\/p>\n<h2>Boyun Kire\u00e7lenmesinden Korunma Y\u00f6ntemleri<\/h2>\n<p>A\u011fr\u0131y\u0131 \u00f6nlemek ve tekrarlamalar\u0131 en aza indirmek i\u00e7in \u015fu \u00f6nerilere dikkat edilmelidir:<\/p>\n<ul>\n<li>Do\u011fru yast\u0131k ve yatak se\u00e7imi.<\/li>\n<li>Uzun s\u00fcre ayn\u0131 pozisyonda kalmaktan ka\u00e7\u0131nmak.<\/li>\n<li>Stres y\u00f6netimi ve ergonomik d\u00fczenlemeler.<\/li>\n<li>Duru\u015f bozukluklar\u0131n\u0131 d\u00fczeltmek ve d\u00fczenli egzersiz yapmak.<\/li>\n<li>A\u015f\u0131r\u0131 zorlay\u0131c\u0131 aktivitelerden ka\u00e7\u0131nmak.<\/li>\n<\/ul>\n<p><a href=\"https:\/\/www.youtube.com\/channel\/UC-EH3FtNo45g8-ja6zGzfTA\" target=\"_blank\" rel=\"noopener\"><img decoding=\"async\" class=\"lazyload wp-image-2466 size-full alignleft\" src=\"data:image\/svg+xml,%3Csvg%20xmlns%3D%27http%3A%2F%2Fwww.w3.org%2F2000%2Fsvg%27%20width%3D%27300%27%20height%3D%27150%27%20viewBox%3D%270%200%20300%20150%27%3E%3Crect%20width%3D%27300%27%20height%3D%27150%27%20fill-opacity%3D%220%22%2F%3E%3C%2Fsvg%3E\" data-orig-src=\"https:\/\/turanuslu.net\/new\/wp-content\/uploads\/2010\/04\/abone-olun.jpg\" alt=\"Kanal\u0131m\u0131za abone olun\" width=\"300\" height=\"150\" \/><\/a><br \/>\n<a href=\"http:\/\/turanuslu.net\/de\/randevu\/\"><img decoding=\"async\" class=\"lazyload alignleft wp-image-2465 size-full\" src=\"data:image\/svg+xml,%3Csvg%20xmlns%3D%27http%3A%2F%2Fwww.w3.org%2F2000%2Fsvg%27%20width%3D%27300%27%20height%3D%27150%27%20viewBox%3D%270%200%20300%20150%27%3E%3Crect%20width%3D%27300%27%20height%3D%27150%27%20fill-opacity%3D%220%22%2F%3E%3C%2Fsvg%3E\" data-orig-src=\"https:\/\/turanuslu.net\/new\/wp-content\/uploads\/2010\/04\/randevu-alin.jpg\" alt=\"Randevu al\u0131n\" width=\"300\" height=\"150\" \/><\/a><\/p>\n<p>Boyun kire\u00e7lenmesi ve di\u011fer boyun rahats\u0131zl\u0131klar\u0131 i\u00e7in Kad\u0131k\u00f6y A\u011fr\u0131 Merkezi\u2019nde uzman ekibimizden destek alabilirsiniz. Fizik tedavi ve rehabilitasyon programlar\u0131m\u0131z i\u00e7in <strong>90 530 343 7499<\/strong> Sie k\u00f6nnen Turan Uslu unter kontaktieren und einen Termin vereinbaren.<\/p>","protected":false},"excerpt":{"rendered":"<p>Boyun Kire\u00e7lenmesi (Servikal Osteoartrit) Boyun kire\u00e7lenmesi veya t\u0131bbi ad\u0131yla servikal [&hellip;]<\/p>\n","protected":false},"author":1,"featured_media":8249,"comment_status":"closed","ping_status":"closed","sticky":false,"template":"","format":"standard","meta":{"_jetpack_memberships_contains_paid_content":false,"footnotes":""},"categories":[678],"tags":[77,711,712,682],"class_list":["post-8248","post","type-post","status-publish","format-standard","has-post-thumbnail","hentry","category-boyun-agrilari","tag-boyun-agrilari","tag-boyun-kireclenmesi","tag-boyun-kireclenmesi-tedavisi","tag-boyun-tedavisi"],"jetpack_featured_media_url":"https:\/\/turanuslu.net\/wp-content\/uploads\/2019\/07\/boyun-kireclenmesi.jpg","jetpack_sharing_enabled":true,"_links":{"self":[{"href":"https:\/\/turanuslu.net\/de\/wp-json\/wp\/v2\/posts\/8248","targetHints":{"allow":["GET"]}}],"collection":[{"href":"https:\/\/turanuslu.net\/de\/wp-json\/wp\/v2\/posts"}],"about":[{"href":"https:\/\/turanuslu.net\/de\/wp-json\/wp\/v2\/types\/post"}],"author":[{"embeddable":true,"href":"https:\/\/turanuslu.net\/de\/wp-json\/wp\/v2\/users\/1"}],"replies":[{"embeddable":true,"href":"https:\/\/turanuslu.net\/de\/wp-json\/wp\/v2\/comments?post=8248"}],"version-history":[{"count":2,"href":"https:\/\/turanuslu.net\/de\/wp-json\/wp\/v2\/posts\/8248\/revisions"}],"predecessor-version":[{"id":11149,"href":"https:\/\/turanuslu.net\/de\/wp-json\/wp\/v2\/posts\/8248\/revisions\/11149"}],"wp:featuredmedia":[{"embeddable":true,"href":"https:\/\/turanuslu.net\/de\/wp-json\/wp\/v2\/media\/8249"}],"wp:attachment":[{"href":"https:\/\/turanuslu.net\/de\/wp-json\/wp\/v2\/media?parent=8248"}],"wp:term":[{"taxonomy":"category","embeddable":true,"href":"https:\/\/turanuslu.net\/de\/wp-json\/wp\/v2\/categories?post=8248"},{"taxonomy":"post_tag","embeddable":true,"href":"https:\/\/turanuslu.net\/de\/wp-json\/wp\/v2\/tags?post=8248"}],"curies":[{"name":"wp","href":"https:\/\/api.w.org\/{rel}","templated":true}]}}