{"id":455,"date":"2009-08-26T11:26:55","date_gmt":"2009-08-26T12:26:55","guid":{"rendered":"https:\/\/turanuslu.net\/?p=455"},"modified":"2022-01-14T10:03:09","modified_gmt":"2022-01-14T10:03:09","slug":"hemipleji-veya-inme-hastaligi","status":"publish","type":"post","link":"https:\/\/turanuslu.net\/de\/hemipleji-veya-inme-hastaligi\/","title":{"rendered":"Hemipleji veya \u0130nme Hastal\u0131\u011f\u0131"},"content":{"rendered":"<h2>Hemipleji veya \u0130nme Hastal\u0131\u011f\u0131<\/h2>\n<p style=\"text-align: justify;\"><strong>Hemipleji veya inme nedir? <\/strong><\/p>\n<div style=\"text-align: justify;\">Hemipleji veya inme terimi, v\u00fccudun sa\u011f ya da sol yar\u0131s\u0131nda istemli hareketin kayb\u0131 ve fel\u00e7 anlam\u0131na gelir.<\/div>\n<p style=\"text-align: justify;\"><img class=\"lazyload\" decoding=\"async\" style=\"border: 0pt none;\" src=\"data:image\/svg+xml,%3Csvg%20xmlns%3D%27http%3A%2F%2Fwww.w3.org%2F2000%2Fsvg%27%20width%3D%27319%27%20height%3D%27342%27%20viewBox%3D%270%200%20319%20342%27%3E%3Crect%20width%3D%27319%27%20height%3D%27342%27%20fill-opacity%3D%220%22%2F%3E%3C%2Fsvg%3E\" data-orig-src=\"https:\/\/turanuslu.net\/icerikresimleri\/rehab\/stroke.jpg\" alt=\"\" width=\"319\" height=\"342\" border=\"0\" \/><\/p>\n<p style=\"text-align: justify;\"><strong>\u0130nmenin sebepleri nelerdir?<br \/>\n<!--more--><\/strong><\/p>\n<p style=\"text-align: justify;\"><img class=\"lazyload\" decoding=\"async\" style=\"border: 0pt none;\" src=\"data:image\/svg+xml,%3Csvg%20xmlns%3D%27http%3A%2F%2Fwww.w3.org%2F2000%2Fsvg%27%20width%3D%27500%27%20height%3D%27500%27%20viewBox%3D%270%200%20500%20500%27%3E%3Crect%20width%3D%27500%27%20height%3D%27500%27%20fill-opacity%3D%220%22%2F%3E%3C%2Fsvg%3E\" data-orig-src=\"https:\/\/turanuslu.net\/icerikresimleri\/rehab\/hemipleji.gif\" alt=\"\" width=\"500\" height=\"500\" border=\"0\" \/><\/p>\n<div style=\"text-align: justify;\">\u0130nme nedenleri aras\u0131nda ilk s\u0131ray\u0131 beyin damarlar\u0131 ile ilgili hastal\u0131klar al\u0131r. Kafa darbelerinden, beyin ameliyatlar\u0131ndan ve zehirlenmelerden sonra geli\u015febilece\u011fi gibi, beyin t\u00fcm\u00f6r\u00fc, mikrobik hastal\u0131klarda da g\u00f6r\u00fclebilir.<\/div>\n<p style=\"text-align: justify;\"><strong>\u0130nme nas\u0131l olu\u015fur?<\/strong><\/p>\n<div style=\"text-align: justify;\">\u0130nme, d\u00fcnyada en s\u0131k kar\u015f\u0131la\u015f\u0131lan beyin ve sinir sistemi hastal\u0131klar\u0131 sorunudur. \u0130nme \u00e7o\u011fu kez, beyin damarlar\u0131nda t\u0131kanma ya da beyin kanamas\u0131na ba\u011fl\u0131d\u0131r. Bu durum v\u00fccudun bir yar\u0131s\u0131nda istemli hareket kayb\u0131 veya hareket azl\u0131\u011f\u0131, duyu bozuklu\u011fu ve ayr\u0131ca ileti\u015fim (konu\u015fma) bozuklu\u011fu, g\u00f6rme alan\u0131 kayb\u0131 ya da alg\u0131lama bozukluklar\u0131 gibi n\u00f6rolojik bulgulara neden olabilir.<\/div>\n<p style=\"text-align: justify;\"><strong>Risk fakt\u00f6rleri nelerdir?<\/strong><\/p>\n<div style=\"text-align: justify;\">\u0130nmeye neden olan risk fakt\u00f6rlerinin ba\u015f\u0131nda y\u00fcksek tansiyon, \u015feker hastal\u0131\u011f\u0131, kalp hastal\u0131klar\u0131, sigara, y\u00fcksek kolesterol, \u015fi\u015fmanl\u0131k, alkol, sedanter ya\u015fam ve daha \u00f6nce ge\u00e7irilmi\u015f inme gelmektedir.<\/div>\n<p style=\"text-align: justify;\"><strong>Belirtileri nelerdir?<\/strong><\/p>\n<p style=\"text-align: justify;\"><img class=\"lazyload\" decoding=\"async\" style=\"border: 0pt none;\" src=\"data:image\/svg+xml,%3Csvg%20xmlns%3D%27http%3A%2F%2Fwww.w3.org%2F2000%2Fsvg%27%20width%3D%27200%27%20height%3D%27335%27%20viewBox%3D%270%200%20200%20335%27%3E%3Crect%20width%3D%27200%27%20height%3D%27335%27%20fill-opacity%3D%220%22%2F%3E%3C%2Fsvg%3E\" data-orig-src=\"https:\/\/turanuslu.net\/icerikresimleri\/rehab\/inme22.gif\" alt=\"\" width=\"200\" height=\"335\" border=\"0\" \/><\/p>\n<div style=\"text-align: justify;\">Beyinde meydana gelen hasar\u0131n yerine ve b\u00fcy\u00fckl\u00fc\u011f\u00fcne ba\u011fl\u0131 olarak belirtiler de de\u011fi\u015febilir. \u00d6rne\u011fin beynin orta atar damar\u0131nda meydana gelen bir kanama ya da t\u0131kanma, en s\u0131k g\u00f6rd\u00fc\u011f\u00fcm\u00fcz, y\u00fcz\u00fc de i\u00e7ine alan, v\u00fccudun bir yar\u0131s\u0131nda fel\u00e7 geli\u015ftirir. Fel\u00e7 kolda, bacaklara nazaran daha belirgindir. \u00c7o\u011fu zaman da buna konu\u015fma ve g\u00f6rme bozukluklar\u0131 gibi problemler de e\u015flik edebilir.<\/div>\n<p style=\"text-align: justify;\"><strong>Tedavisi nedir?<\/strong><\/p>\n<div style=\"text-align: justify;\">Tedavi, rehabilitasyon ekibi taraf\u0131ndan yap\u0131lmal\u0131d\u0131r. Bu ekipte; beyin cerrah\u0131, n\u00f6rolog, fiziksel t\u0131p ve rehabilitasyon uzman\u0131, fizyoterapistler, rehabilitasyon hem\u015firesi, ortez ve protez teknisyeni, i\u015f ve u\u011fra\u015f\u0131 terapistleri, sosyal dan\u0131\u015fman ve psikolog bulunur.<\/div>\n<div style=\"text-align: justify;\">Yap\u0131lan ila\u00e7 tedavisi, beyin kanamas\u0131 veya t\u0131kanmas\u0131 neticesinde beyin dokusuna verilen hasar\u0131 bir an \u00f6nce en aza indirmek, ilerlemesini \u00f6nlemek ve beyin i\u015flevlerinin s\u00fcrd\u00fcr\u00fclmesini sa\u011flamakt\u0131r. \u0130la\u00e7 tedavisiyle hastan\u0131n durumu sabitlendikten sonra, s\u0131ra bu hastalar\u0131n rehabilitasyon potansiyelini ortaya koymaya gelir. \u00d6rne\u011fin hastan\u0131n gen\u00e7 olu\u015fu, daha \u00f6nce beyin hasar\u0131 geli\u015fmemi\u015f, alg\u0131lama ve zihinsel problemleri geli\u015fmemi\u015f, idrar ve gaita problemi olmayan, g\u00f6rme alan bozuklu\u011fu olmayan, erken rehabilitasyon program\u0131na al\u0131nan, aile deste\u011fi olan, sosyoekonomik durumu yeterli olan ve kapsaml\u0131 bir merkezde tedavi g\u00f6ren hastalar\u0131n tedavisinde ba\u015far\u0131 oran\u0131 daha fazlad\u0131r.<\/div>\n<div style=\"text-align: justify;\">Rehabilitasyonun amac\u0131; bu ki\u015filerin fiziksel, zihinsel ve toplumsal i\u015flevini en \u00fcst d\u00fczeye ula\u015ft\u0131rmakt\u0131r. \u0130lke olarak rehabilitasyon \u00e7al\u0131\u015fmalar\u0131 olabildi\u011fince erken ba\u015flat\u0131lmal\u0131. Hastan\u0131n durumu bu s\u00fcreci de\u011fi\u015ftirebilir. Rehabilitasyon \u00e7al\u0131\u015fmalar\u0131n\u0131n ge\u00e7 ba\u015flat\u0131lmas\u0131 bir tak\u0131m komplikasyon dedi\u011fimiz, bu hastal\u0131\u011f\u0131n seyrinde g\u00f6r\u00fclen ikinci hastal\u0131klar\u0131n ortaya \u00e7\u0131kmas\u0131na sebep olur. Bas\u0131n\u00e7 yaralar\u0131, derin toplar damarlarda t\u0131kanmalar ve iltihaplar, eklem sertlikleri, kemik erimesi, mesane ve barsak fonksiyon bozukluklar\u0131,say\u0131labilir.<\/div>\n<div style=\"text-align: justify;\">Rehabilitasyon \u00e7al\u0131\u015fmalar\u0131, geleneksel y\u00f6ntemler yani \u00e7e\u015fitli eklem hareketleri, germe egzersizleri, kaslar\u0131n g\u00fc\u00e7lendirilmesi ve hareketten olu\u015fmaktad\u0131r. Bunlar\u0131 sa\u011flamak i\u00e7in de bir tak\u0131m teknik ve y\u00f6ntemlerden yararlan\u0131l\u0131r. Bu tedaviler, liseden sonra 4 y\u0131ll\u0131k y\u00fcksek okul e\u011fitimi alan fizyoterapistler taraf\u0131ndan yap\u0131lmaktad\u0131r.<\/div>\n<p style=\"text-align: justify;\"><strong>Gidi\u015fat\u0131 nedir?<\/strong><\/p>\n<div style=\"text-align: justify;\">T\u00fcm n\u00f6rolojik yetersizlikler 3 aya kadar d\u00fczelebilir ve geli\u015fme 1 y\u0131l s\u00fcrebilir. Genelde kolda %52, bacakta ise %89 iyile\u015fme g\u00f6r\u00fcl\u00fcr. \u0130yi bir rehabilitasyon program\u0131yla bu hastalar\u0131n % 20 \u201330\u2019u normal seviyeye ve %75\u2019i ise y\u00fcr\u00fcr hale gelebilir.<\/div>","protected":false},"excerpt":{"rendered":"<p>Hemipleji veya \u0130nme Hastal\u0131\u011f\u0131 Hemipleji veya inme nedir? Hemipleji veya [&hellip;]<\/p>\n","protected":false},"author":1,"featured_media":0,"comment_status":"open","ping_status":"closed","sticky":false,"template":"","format":"standard","meta":{"_jetpack_memberships_contains_paid_content":false,"footnotes":""},"categories":[368],"tags":[371,372,364,241,373,374,375,376,377],"class_list":["post-455","post","type-post","status-publish","format-standard","hentry","category-rehabilitasyon","tag-beyin-damarlarinda-tikanma","tag-beyin-kanamasi","tag-beyin-travmasi","tag-felc","tag-hemipleji","tag-inme","tag-inme-nedir","tag-inme-tedavisi","tag-nuzul"],"jetpack_featured_media_url":"","jetpack_sharing_enabled":true,"_links":{"self":[{"href":"https:\/\/turanuslu.net\/de\/wp-json\/wp\/v2\/posts\/455","targetHints":{"allow":["GET"]}}],"collection":[{"href":"https:\/\/turanuslu.net\/de\/wp-json\/wp\/v2\/posts"}],"about":[{"href":"https:\/\/turanuslu.net\/de\/wp-json\/wp\/v2\/types\/post"}],"author":[{"embeddable":true,"href":"https:\/\/turanuslu.net\/de\/wp-json\/wp\/v2\/users\/1"}],"replies":[{"embeddable":true,"href":"https:\/\/turanuslu.net\/de\/wp-json\/wp\/v2\/comments?post=455"}],"version-history":[{"count":1,"href":"https:\/\/turanuslu.net\/de\/wp-json\/wp\/v2\/posts\/455\/revisions"}],"predecessor-version":[{"id":10769,"href":"https:\/\/turanuslu.net\/de\/wp-json\/wp\/v2\/posts\/455\/revisions\/10769"}],"wp:attachment":[{"href":"https:\/\/turanuslu.net\/de\/wp-json\/wp\/v2\/media?parent=455"}],"wp:term":[{"taxonomy":"category","embeddable":true,"href":"https:\/\/turanuslu.net\/de\/wp-json\/wp\/v2\/categories?post=455"},{"taxonomy":"post_tag","embeddable":true,"href":"https:\/\/turanuslu.net\/de\/wp-json\/wp\/v2\/tags?post=455"}],"curies":[{"name":"wp","href":"https:\/\/api.w.org\/{rel}","templated":true}]}}