{"id":453,"date":"2009-08-26T11:25:55","date_gmt":"2009-08-26T12:25:55","guid":{"rendered":"https:\/\/turanuslu.net\/?p=453"},"modified":"2022-01-14T10:04:29","modified_gmt":"2022-01-14T10:04:29","slug":"travmatik-beyin-yaralanmalari","status":"publish","type":"post","link":"https:\/\/turanuslu.net\/de\/travmatik-beyin-yaralanmalari\/","title":{"rendered":"Travmatik Beyin Yaralanmalar\u0131"},"content":{"rendered":"<h2>Travmatik Beyin Yaralanmalar\u0131<\/h2>\n<p style=\"text-align: justify;\"><img class=\"lazyload\" decoding=\"async\" style=\"border: 0pt none;\" src=\"data:image\/svg+xml,%3Csvg%20xmlns%3D%27http%3A%2F%2Fwww.w3.org%2F2000%2Fsvg%27%20width%3D%27250%27%20height%3D%27250%27%20viewBox%3D%270%200%20250%20250%27%3E%3Crect%20width%3D%27250%27%20height%3D%27250%27%20fill-opacity%3D%220%22%2F%3E%3C%2Fsvg%3E\" data-orig-src=\"https:\/\/turanuslu.net\/icerikresimleri\/romatizmal\/tbinj.jpg\" alt=\"\" width=\"250\" height=\"250\" border=\"0\" \/><\/p>\n<p><!--more--><br \/>\n<strong>Travmatik beyin hasar\u0131n\u0131n sebepleri nelerdir? <\/strong><\/p>\n<div style=\"text-align: justify;\">Ba\u015fta trafik kazalar\u0131 olmak \u00fczere, beyine gelen darbeler, ate\u015fli silahlarla yaralanmalar, spor kazalar\u0131, i\u015f kazalar\u0131 ve d\u00fc\u015fmeler beyinde yaralanmalara neden olurlar.<\/div>\n<div style=\"text-align: justify;\">Kafa travmalar\u0131 her ya\u015fta g\u00f6r\u00fclebilirse de, gen\u00e7 erkeklerde risk en y\u00fcksektir. Travmatik beyin yaralanmalar\u0131n\u0131n \u00e7o\u011fu 45 ya\u015f\u0131n alt\u0131ndad\u0131r.<\/div>\n<div style=\"text-align: justify;\">\u00c7ok boyutlu bir sorun olan kafa travmalar\u0131n\u0131n \u00f6nlenebilmesi, en aza indirilebilmesi i\u00e7in daha iyi yollar, daha dayanakl\u0131 ara\u00e7lar, s\u0131k\u0131 trafik denetimleri, kask ve emniyet kemeri kullan\u0131m\u0131 gibi bir\u00e7ok tedbirler al\u0131nmas\u0131na ra\u011fmen bu sorunu tam olarak \u00e7\u00f6zebilmi\u015f hi\u00e7bir \u00fclke yoktur.<\/div>\n<p style=\"text-align: justify;\"><strong>Belirtileri nedir? <\/strong><\/p>\n<div style=\"text-align: justify;\">Beyin yaralanmalar\u0131 kabaca a\u00e7\u0131k ve kapal\u0131 yaralar diye s\u0131n\u0131fland\u0131r\u0131labilir. Ate\u015fli silah yaralanmas\u0131 a\u00e7\u0131k yaralanmad\u0131r. D\u00fc\u015fme, \u00e7arpma, kaza gibi kafa darbeleri ise beyinde hasara neden olabilen, kapal\u0131 yaralanmalard\u0131r.<\/div>\n<div style=\"text-align: justify;\">Beyinde hasar\u0131n \u015fekil ve \u015fiddetine ba\u011fl\u0131 olarak belirti ve bulgular de\u011fi\u015febilir. Hafif ba\u015f a\u011fr\u0131s\u0131, ba\u015f d\u00f6nmesi, \u00e7abuk yorulma ve haf\u0131za kayb\u0131 gibi belirtilerle hafif seyretti\u011fi gibi, yo\u011fun bak\u0131m \u00fcniteleri gerektiren, her iki kol ve bacakta fel\u00e7le sonu\u00e7lanan, mesane, ba\u011f\u0131rsak ve cinsel i\u015flev bozukluklar\u0131 geli\u015fen, zihinsel bozukluklar ve \u015fahsiyet de\u011fi\u015fikli\u011fi yapan a\u011f\u0131r durumlar da olu\u015fabilir.<\/div>\n<p style=\"text-align: justify;\"><strong>Tedavisi nedir? <\/strong><\/p>\n<div style=\"text-align: justify;\">Tedavi rehabilitasyon ekibi taraf\u0131ndan planlan\u0131r. Bu hastalarda rehabilitasyon \u00e7al\u0131\u015fmalar\u0131n\u0131n hayati tehlikenin hala daha s\u00f6z konusu oldu\u011fu yo\u011fun bak\u0131mda ba\u015flat\u0131lmas\u0131 ve hastan\u0131n durumu sabitle\u015ftikten sonra rehabilitasyon merkezinde devam ettirilmesi gerekir. Bu hastal\u0131\u011f\u0131n s\u00fcreci i\u00e7inde geli\u015fecek ikincil hastal\u0131klar\u0131 \u00f6nlemek i\u00e7in erken d\u00f6nemde \u00f6nlemler al\u0131nmal\u0131d\u0131r. Komplikasyon denilen bu durumlar uzun s\u00fcre yatmaya ba\u011fl\u0131, kaslarda erime, deride bas\u0131n\u00e7 yaralar\u0131, kemik erimesi, eklemlerde sertlikler, kas i\u00e7inde kemik olu\u015fumlar\u0131, mesane ve b\u00f6brek ta\u015flar\u0131 ve di\u011ferlerinden olu\u015fmaktad\u0131r. Bu hastalarda rehabilitasyonun amac\u0131, di\u011fer sakatlarda oldu\u011fu gibi bozulmu\u015f i\u015flevleri iyile\u015ftirmek, hastan\u0131n m\u00fcmk\u00fcn olan en y\u00fcksek seviyede ba\u011f\u0131ms\u0131zl\u0131\u011f\u0131n\u0131 sa\u011flamak, ikincil hastal\u0131klar\u0131 \u00f6nlemek ve kabul edilebilir bir \u00e7evre sa\u011flamakt\u0131r.<\/div>\n<p style=\"text-align: justify;\"><strong>Gidi\u015fat\u0131 nedir?<\/strong><\/p>\n<div style=\"text-align: justify;\">Yaralanma sonras\u0131, i\u015flev kayb\u0131 olan beyin dokusunda, \u00f6dem \u00e7\u00f6z\u00fcl\u00fcp, hastan\u0131n durumu sabitle\u015ftik\u00e7e d\u00fczelme olur. Bu d\u00fczelme ilk g\u00fcnler ve haftalar i\u00e7inde g\u00f6r\u00fcl\u00fcr. Ara\u015ft\u0131rmalar d\u00fczelmenin \u00e7o\u011funun ilk 6 ay i\u00e7inde oldu\u011funu g\u00f6stermi\u015ftir. Baz\u0131 hastalar pek \u00e7ok i\u015flevlerini kazanabilirlerse de b\u00fcy\u00fck bir \u00e7o\u011funlu\u011fun fiziksel ve idrak bozukluklar\u0131 kal\u0131c\u0131d\u0131r. Baz\u0131 hastalarda geli\u015fen \u015fahsiyet ve miza\u00e7 de\u011fi\u015fiklikleri, bu hastalar\u0131n sosyal ili\u015fkilerinde ve meslek hayatlar\u0131nda bir tak\u0131m engellere neden olur.<\/div>","protected":false},"excerpt":{"rendered":"<p>Travmatik Beyin Yaralanmalar\u0131<\/p>","protected":false},"author":1,"featured_media":0,"comment_status":"open","ping_status":"closed","sticky":false,"template":"","format":"standard","meta":{"_jetpack_memberships_contains_paid_content":false,"footnotes":""},"categories":[368],"tags":[363,364,365,366,367,369,370],"class_list":["post-453","post","type-post","status-publish","format-standard","hentry","category-rehabilitasyon","tag-beyin-travmalari","tag-beyin-travmasi","tag-beyin-yaralanmalari","tag-beyinde-hasar","tag-kafa-travmalari","tag-travma","tag-travma-tedavisi"],"jetpack_featured_media_url":"","jetpack_sharing_enabled":true,"_links":{"self":[{"href":"https:\/\/turanuslu.net\/de\/wp-json\/wp\/v2\/posts\/453","targetHints":{"allow":["GET"]}}],"collection":[{"href":"https:\/\/turanuslu.net\/de\/wp-json\/wp\/v2\/posts"}],"about":[{"href":"https:\/\/turanuslu.net\/de\/wp-json\/wp\/v2\/types\/post"}],"author":[{"embeddable":true,"href":"https:\/\/turanuslu.net\/de\/wp-json\/wp\/v2\/users\/1"}],"replies":[{"embeddable":true,"href":"https:\/\/turanuslu.net\/de\/wp-json\/wp\/v2\/comments?post=453"}],"version-history":[{"count":1,"href":"https:\/\/turanuslu.net\/de\/wp-json\/wp\/v2\/posts\/453\/revisions"}],"predecessor-version":[{"id":10770,"href":"https:\/\/turanuslu.net\/de\/wp-json\/wp\/v2\/posts\/453\/revisions\/10770"}],"wp:attachment":[{"href":"https:\/\/turanuslu.net\/de\/wp-json\/wp\/v2\/media?parent=453"}],"wp:term":[{"taxonomy":"category","embeddable":true,"href":"https:\/\/turanuslu.net\/de\/wp-json\/wp\/v2\/categories?post=453"},{"taxonomy":"post_tag","embeddable":true,"href":"https:\/\/turanuslu.net\/de\/wp-json\/wp\/v2\/tags?post=453"}],"curies":[{"name":"wp","href":"https:\/\/api.w.org\/{rel}","templated":true}]}}