{"id":1172,"date":"2015-01-09T15:27:22","date_gmt":"2015-01-09T16:27:22","guid":{"rendered":"https:\/\/turanuslu.net\/?p=1172"},"modified":"2021-06-12T08:20:02","modified_gmt":"2021-06-12T08:20:02","slug":"yuz-felci","status":"publish","type":"post","link":"https:\/\/turanuslu.net\/de\/yuz-felci\/","title":{"rendered":"Gesichtsl\u00e4hmung"},"content":{"rendered":"<h1><strong>Y\u00dcZ FELC\u0130 (PER\u0130FER\u0130K FAS\u0130YAL PARAL\u0130Z\u0130)<\/strong>\u00a0<strong>NED\u0130R?\u00a0<\/strong><\/h1>\n<h3><strong>Y\u00fcz felcinde ne olur?<\/strong><\/h3>\n<div id=\"attachment_1174\" style=\"width: 310px\" class=\"wp-caption alignleft\"><a href=\"https:\/\/turanuslu.net\/wp-content\/uploads\/2015\/01\/yuz-sinirleri-dagilimi-ve-yuz-felci.jpg\"><img decoding=\"async\" aria-describedby=\"caption-attachment-1174\" class=\"lazyload wp-image-1174 size-medium\" src=\"https:\/\/turanuslu.net\/wp-content\/uploads\/2015\/01\/yuz-sinirleri-dagilimi-ve-yuz-felci-300x247.jpg\" data-orig-src=\"https:\/\/turanuslu.net\/wp-content\/uploads\/2015\/01\/yuz-sinirleri-dagilimi-ve-yuz-felci-300x247.jpg\" alt=\"Y\u00fcz sinirlerinin da\u011f\u0131l\u0131m\u0131\" width=\"300\" height=\"247\" srcset=\"data:image\/svg+xml,%3Csvg%20xmlns%3D%27http%3A%2F%2Fwww.w3.org%2F2000%2Fsvg%27%20width%3D%27300%27%20height%3D%27247%27%20viewBox%3D%270%200%20300%20247%27%3E%3Crect%20width%3D%27300%27%20height%3D%27247%27%20fill-opacity%3D%220%22%2F%3E%3C%2Fsvg%3E\" data-srcset=\"https:\/\/turanuslu.net\/wp-content\/uploads\/2015\/01\/yuz-sinirleri-dagilimi-ve-yuz-felci-200x165.jpg 200w, https:\/\/turanuslu.net\/wp-content\/uploads\/2015\/01\/yuz-sinirleri-dagilimi-ve-yuz-felci-300x247.jpg 300w, https:\/\/turanuslu.net\/wp-content\/uploads\/2015\/01\/yuz-sinirleri-dagilimi-ve-yuz-felci-400x329.jpg 400w, https:\/\/turanuslu.net\/wp-content\/uploads\/2015\/01\/yuz-sinirleri-dagilimi-ve-yuz-felci.jpg 425w\" data-sizes=\"auto\" data-orig-sizes=\"(max-width: 300px) 100vw, 300px\" \/><\/a><p id=\"caption-attachment-1174\" class=\"wp-caption-text\">Y\u00fcz sinirinin da\u011f\u0131l\u0131m\u0131<\/p><\/div>\n<p style=\"text-align: justify;\">Y\u00fcz kaslar\u0131 sa\u011f ve solda iki ayr\u0131 y\u00fcz siniri (fasiyal sinir) taraf\u0131ndan hareket ettirilir. Bu sinirlerden birisinin hasar\u0131nda o taraftaki kaslar hareketsiz kal\u0131r. Kar\u015f\u0131 taraftaki kaslar\u0131n normal kas\u0131lmas\u0131 sonucu y\u00fcz sa\u011flam tarafa do\u011fru \u00e7ekilir.<\/p>\n<p style=\"text-align: justify;\">Fel\u00e7li tarafta ise al\u0131n, dudak ve burun \u00e7evresindeki k\u0131vr\u0131mlar kaybolur. Hasta o taraftaki g\u00f6z\u00fcn\u00fc kapatamaz. Y\u00fcz felcinde y\u00fczde uyu\u015fukluk (=his kayb\u0131, hissizlik ) olmaz. Sadece hareket bozuklu\u011fu vard\u0131r.<\/p>\n<h3 style=\"text-align: justify;\"><strong>Y\u00fcz felcinin sebepleri nelerdir? <\/strong><\/h3>\n<p style=\"text-align: justify;\">Genellikle so\u011fu\u011fa (hava ak\u0131m\u0131na) maruz kalanlarda ortaya \u00e7\u0131kmakla beraber \u00e7o\u011fu zaman sebebi belli de\u011fildir. Sebepsiz olarak ortaya \u00e7\u0131kt\u0131\u011f\u0131nda, y\u00fcz sinirinin ge\u00e7ti\u011fi kanalda s\u0131k\u0131\u015fmaktad\u0131r.<\/p>\n<p style=\"text-align: justify;\">Kanal\u0131n dar olmas\u0131 ya da sinirdeki \u015fi\u015flikler felce sebep olur. Baz\u0131 viral hastal\u0131klar, enfeksiyonlar, beyin t\u00fcm\u00f6rleri, beynin damarsal hastal\u0131klar\u0131, multipl skleroz gibi hastal\u0131klar \u00e7ok nadiren y\u00fcz felcine sebep olabilir. Ancak bu gibi durumlarda y\u00fczde veya v\u00fccutta his kayb\u0131, yutma g\u00fc\u00e7l\u00fc\u011f\u00fc, \u00e7ift g\u00f6rme, kol ve bacakta fel\u00e7, kulak ak\u0131nt\u0131s\u0131, ba\u015f a\u011fr\u0131s\u0131 gibi belirtilerin birisi\/ birka\u00e7\u0131 da birlikte bulunur.<\/p>\n<div id=\"attachment_1173\" style=\"width: 310px\" class=\"wp-caption alignleft\"><a href=\"https:\/\/turanuslu.net\/wp-content\/uploads\/2015\/01\/yuz-felci-nedir.jpg\"><img decoding=\"async\" aria-describedby=\"caption-attachment-1173\" class=\"lazyload size-medium wp-image-1173\" src=\"https:\/\/turanuslu.net\/wp-content\/uploads\/2015\/01\/yuz-felci-nedir-300x300.jpg\" data-orig-src=\"https:\/\/turanuslu.net\/wp-content\/uploads\/2015\/01\/yuz-felci-nedir-300x300.jpg\" alt=\"Y\u00fcz Felci belirtileri\" width=\"300\" height=\"300\" srcset=\"data:image\/svg+xml,%3Csvg%20xmlns%3D%27http%3A%2F%2Fwww.w3.org%2F2000%2Fsvg%27%20width%3D%27300%27%20height%3D%27300%27%20viewBox%3D%270%200%20300%20300%27%3E%3Crect%20width%3D%27300%27%20height%3D%27300%27%20fill-opacity%3D%220%22%2F%3E%3C%2Fsvg%3E\" data-srcset=\"https:\/\/turanuslu.net\/wp-content\/uploads\/2015\/01\/yuz-felci-nedir-66x66.jpg 66w, https:\/\/turanuslu.net\/wp-content\/uploads\/2015\/01\/yuz-felci-nedir-150x150.jpg 150w, https:\/\/turanuslu.net\/wp-content\/uploads\/2015\/01\/yuz-felci-nedir-200x199.jpg 200w, https:\/\/turanuslu.net\/wp-content\/uploads\/2015\/01\/yuz-felci-nedir-300x300.jpg 300w, https:\/\/turanuslu.net\/wp-content\/uploads\/2015\/01\/yuz-felci-nedir.jpg 351w\" data-sizes=\"auto\" data-orig-sizes=\"(max-width: 300px) 100vw, 300px\" \/><\/a><p id=\"caption-attachment-1173\" class=\"wp-caption-text\">Y\u00fcz Felci belirtileri<\/p><\/div>\n<h3 style=\"text-align: justify;\"><strong>Y\u00fcz felci ciddi bir hastal\u0131\u011f\u0131n belirtisi olabilir mi?<\/strong><\/h3>\n<p style=\"text-align: justify;\">S\u0131kl\u0131kla herhangi bir sebebe ba\u011fl\u0131 olmaks\u0131z\u0131n ortaya \u00e7\u0131kmakla birlikte nadiren kafa i\u00e7indeki bir t\u00fcm\u00f6r, beyni besleyen damarlarda t\u0131kan\u0131kl\u0131k, kulak veya kafa i\u00e7indeki iltihabi olaylar ( menenjit vb.) veya travmalar sonucu da g\u00f6r\u00fclebilir.<\/p>\n<h3 style=\"text-align: justify;\"><strong>Y\u00fcz felci t\u00fcm v\u00fccudu tutacak bir felcin habercisi midir?<\/strong><\/h3>\n<p style=\"text-align: justify;\">Y\u00fcz felci y\u00fcz sinirinin hasar\u0131 ile ilgili iken, fel\u00e7 beyni ilgilendiren bozukluklar sonucu ortaya \u00e7\u0131kar. Yani ikisinin sebepleri farkl\u0131d\u0131r. Ancak saf y\u00fcz felci de\u011fil de v\u00fccuda ait bir fel\u00e7 de s\u00f6z konusuysa \u00a0bu durumda beyindeki bir hasarlanma durumu olabilir.<\/p>\n<h3 style=\"text-align: justify;\"><strong>Y\u00fcz\u00fcnde \u00e7arp\u0131lma olan bir kimse ne yapmal\u0131?<\/strong><\/h3>\n<p style=\"text-align: justify;\">\u00a0Tabii ki \u00f6ncelikle bir n\u00f6roloji uzman\u0131na ba\u015fvurarak gerekli muayeneleri yapt\u0131r\u0131p yukar\u0131da bahsedilen ciddi tablolardan birisinin olmad\u0131\u011f\u0131 do\u011frulanmal\u0131d\u0131r. Bu arada y\u00fcz\u00fc so\u011fuktan ve cereyandan korumak iyile\u015fmeye yard\u0131mc\u0131 olacakt\u0131r. G\u00f6z s\u00fcrekli a\u00e7\u0131k kald\u0131\u011f\u0131ndan toz vb. gibi d\u0131\u015f etkenlerle kolayl\u0131kla iltihaplanabilir. G\u00f6z\u00fc korumada \u00f6zenli davranmak y\u00fcz felci ge\u00e7iren hastalar\u0131n dikkat etmesi gereken en \u00f6nemli noktad\u0131r.<\/p>\n<h3 style=\"text-align: justify;\"><strong>Y\u00fcz felcinin nadir g\u00f6r\u00fclen sebepleri;<\/strong><\/h3>\n<p style=\"text-align: justify;\">MS, ALS gibi n\u00f6rodejeneratif hastal\u0131klar, beyin t\u00fcmorlar\u0131, beynin damarsal hastal\u0131klar\u0131, beyin kanamalar\u0131, kafa travmalar\u0131, t\u00fckr\u00fck bezi hastal\u0131klar\u0131 ve t\u00fckr\u00fck bezi ameliyatlar\u0131 y\u00fcz felcinin \u00e7ok nadir g\u00f6r\u00fclen sebepleridir. <strong><a title=\"Melkersson-Rosenthal sendromu \" href=\"https:\/\/turanuslu.net\/de\/melkersson-rosenthal-sendromu-mrs\/\" target=\"_blank\" rel=\"noopener noreferrer\">Melkerson Rosental sendromu<\/a> ve <a title=\"Ramsay Hunt SEndromu\" href=\"https:\/\/turanuslu.net\/de\/ramsay-hunt-sendromu\/\" target=\"_blank\" rel=\"noopener noreferrer\">Ramsey Hunt sendromu<\/a> y\u00fcz felciyle seyreden hastal\u0131klard\u0131r.<\/strong><\/p>\n<p><a href=\"https:\/\/www.youtube.com\/channel\/UC-EH3FtNo45g8-ja6zGzfTA\" target=\"_blank\" rel=\"noopener\"><img decoding=\"async\" class=\"lazyload wp-image-2466 size-full alignleft\" src=\"data:image\/svg+xml,%3Csvg%20xmlns%3D%27http%3A%2F%2Fwww.w3.org%2F2000%2Fsvg%27%20width%3D%27300%27%20height%3D%27150%27%20viewBox%3D%270%200%20300%20150%27%3E%3Crect%20width%3D%27300%27%20height%3D%27150%27%20fill-opacity%3D%220%22%2F%3E%3C%2Fsvg%3E\" data-orig-src=\"https:\/\/turanuslu.net\/wp-content\/uploads\/2010\/04\/abone-olun.jpg\" alt=\"\" width=\"300\" height=\"150\" \/><\/a><a href=\"http:\/\/turanuslu.net\/de\/randevu\/\"><img decoding=\"async\" class=\"lazyload alignleft wp-image-2465 size-full\" src=\"data:image\/svg+xml,%3Csvg%20xmlns%3D%27http%3A%2F%2Fwww.w3.org%2F2000%2Fsvg%27%20width%3D%27300%27%20height%3D%27150%27%20viewBox%3D%270%200%20300%20150%27%3E%3Crect%20width%3D%27300%27%20height%3D%27150%27%20fill-opacity%3D%220%22%2F%3E%3C%2Fsvg%3E\" data-orig-src=\"https:\/\/turanuslu.net\/wp-content\/uploads\/2010\/04\/randevu-alin.jpg\" alt=\"\" width=\"300\" height=\"150\" \/><\/a><\/p>","protected":false},"excerpt":{"rendered":"<p>Y\u00dcZ FELC\u0130 (PER\u0130FER\u0130K FAS\u0130YAL PARAL\u0130Z\u0130)\u00a0NED\u0130R?\u00a0 Y\u00fcz felcinde ne olur? Y\u00fcz [&hellip;]<\/p>\n","protected":false},"author":1,"featured_media":0,"comment_status":"closed","ping_status":"closed","sticky":false,"template":"","format":"standard","meta":{"_jetpack_memberships_contains_paid_content":false,"footnotes":""},"categories":[1029],"tags":[1020,1021,241,1022,1023,1024,1025,1026,1027,1028,1030,1031,1032,1033,1034,1035,1036,1037,1038,1039],"class_list":["post-1172","post","type-post","status-publish","format-standard","hentry","category-yuz-felci","tag-als","tag-fasiyal-sinir","tag-felc","tag-felci","tag-his-kaybi","tag-ms","tag-norodejeneratif-hastaliklar","tag-periferik-fasial-paralizi","tag-uyusukluk","tag-yuz","tag-yuz-felci-2","tag-yuz-felci-belirtileri","tag-yuz-felci-belirtisi","tag-yuz-felci-neden-olur","tag-yuz-felci-nedenleri","tag-yuz-felci-nedir","tag-yuz-felcinin-sebepleri","tag-yuz-kaslari","tag-yuz-siniri","tag-yuzde-carpilma"],"jetpack_featured_media_url":"","jetpack_sharing_enabled":true,"_links":{"self":[{"href":"https:\/\/turanuslu.net\/de\/wp-json\/wp\/v2\/posts\/1172","targetHints":{"allow":["GET"]}}],"collection":[{"href":"https:\/\/turanuslu.net\/de\/wp-json\/wp\/v2\/posts"}],"about":[{"href":"https:\/\/turanuslu.net\/de\/wp-json\/wp\/v2\/types\/post"}],"author":[{"embeddable":true,"href":"https:\/\/turanuslu.net\/de\/wp-json\/wp\/v2\/users\/1"}],"replies":[{"embeddable":true,"href":"https:\/\/turanuslu.net\/de\/wp-json\/wp\/v2\/comments?post=1172"}],"version-history":[{"count":6,"href":"https:\/\/turanuslu.net\/de\/wp-json\/wp\/v2\/posts\/1172\/revisions"}],"predecessor-version":[{"id":10437,"href":"https:\/\/turanuslu.net\/de\/wp-json\/wp\/v2\/posts\/1172\/revisions\/10437"}],"wp:attachment":[{"href":"https:\/\/turanuslu.net\/de\/wp-json\/wp\/v2\/media?parent=1172"}],"wp:term":[{"taxonomy":"category","embeddable":true,"href":"https:\/\/turanuslu.net\/de\/wp-json\/wp\/v2\/categories?post=1172"},{"taxonomy":"post_tag","embeddable":true,"href":"https:\/\/turanuslu.net\/de\/wp-json\/wp\/v2\/tags?post=1172"}],"curies":[{"name":"wp","href":"https:\/\/api.w.org\/{rel}","templated":true}]}}