{"id":113,"date":"2009-08-26T16:03:42","date_gmt":"2009-08-26T17:03:42","guid":{"rendered":"https:\/\/turanuslu.net\/?p=113"},"modified":"2022-01-14T07:34:07","modified_gmt":"2022-01-14T07:34:07","slug":"faset-sendromu","status":"publish","type":"post","link":"https:\/\/turanuslu.net\/de\/faset-sendromu\/","title":{"rendered":"Faset Sendromu"},"content":{"rendered":"<h2>Faset Sendromu<\/h2>\n<div style=\"text-align: justify;\">\u00dcst ve alttaki omurlar\u0131n birlikteli\u011fini sa\u011flayan faset eklemler \u00f6nemli bir a\u011fr\u0131 kayna\u011f\u0131d\u0131r. Faset eklemlerinin geni\u015f bir sinir innervasyonu vard\u0131r. Her bir faset \u00fcstteki ve alttaki fasete giden medial daldan innervasyon al\u0131r.<\/div>\n<p style=\"text-align: justify;\"><!--more--><br \/>\n<img class=\"lazyload\" decoding=\"async\" style=\"border: 0pt none;\" src=\"data:image\/svg+xml,%3Csvg%20xmlns%3D%27http%3A%2F%2Fwww.w3.org%2F2000%2Fsvg%27%20width%3D%27300%27%20height%3D%27235%27%20viewBox%3D%270%200%20300%20235%27%3E%3Crect%20width%3D%27300%27%20height%3D%27235%27%20fill-opacity%3D%220%22%2F%3E%3C%2Fsvg%3E\" data-orig-src=\"https:\/\/turanuslu.net\/icerikresimleri\/faset\/facet.jpg\" alt=\"\" width=\"300\" height=\"235\" border=\"0\" \/><\/p>\n<div style=\"text-align: justify;\">Faset sendromunda belde paravertebral b\u00f6lgeye, kal\u00e7alara yay\u0131lan b\u00f6lgesel bir a\u011fr\u0131 vard\u0131r. A\u011fr\u0131 hareketle \u00f6zellikle arkaya do\u011fru kayk\u0131lma ile artar. Faset eklem \u00fczerine bast\u0131r\u0131ld\u0131\u011f\u0131 zaman hassasiyet vard\u0131r. Sinir disfonksiyonu yoktur.G\u00f6r\u00fcnt\u00fcleme y\u00f6ntemleri ile fasetlerdeki dejeneratif de\u011fi\u015fiklikler g\u00f6sterilebilir.<\/div>\n<div style=\"text-align: justify;\">Faset sendromunun kesin tan\u0131s\u0131n\u0131n konulabilmesi i\u00e7in klinik muayene \u00e7o\u011fu kez yeterli de\u011fildir. Kesin te\u015fhis faset eklem ya da faset sinirine lokal anestetik enjeksiyonu ile konur.<\/div>\n<p style=\"text-align: justify;\"><img class=\"lazyload\" decoding=\"async\" style=\"border: 0pt none;\" src=\"data:image\/svg+xml,%3Csvg%20xmlns%3D%27http%3A%2F%2Fwww.w3.org%2F2000%2Fsvg%27%20width%3D%27655%27%20height%3D%27261%27%20viewBox%3D%270%200%20655%20261%27%3E%3Crect%20width%3D%27655%27%20height%3D%27261%27%20fill-opacity%3D%220%22%2F%3E%3C%2Fsvg%3E\" data-orig-src=\"https:\/\/turanuslu.net\/icerikresimleri\/belagrilari\/faseta.JPG\" alt=\"\" width=\"655\" height=\"261\" border=\"0\" \/><\/p>\n<div style=\"text-align: justify;\">Konservatif tedaviye cevap vermeyen hastalarda faset eklem bloklar\u0131, faset sinire dal veren medial sinirin radyofrekans ile termokoag\u00fclasyonu s\u0131k uygulanan y\u00f6ntemlerdir.<\/div>\n<p style=\"text-align: justify;\"><strong>FASET EKLEM ENJEKS\u0130YONLARI<\/strong><\/p>\n<div style=\"text-align: justify;\">Faset sendromu bel agrilari i\u00e7erisinde degerlendirilmesi gereken \u00f6nemli bir sendrom olarak kar\u015f\u0131m\u0131za \u00e7\u0131kar. Faset sendromu tanisi konulmasinda faset eklem enjeksiyonlarinin \u00f6zel bir \u00f6nemi vardir. Faset eklem blokaji 1979&#8217;da Bogduk ve Long tarafindan ileri s\u00fcr\u00fclm\u00fcst\u00fcr. Faset sendromu, rek\u00fcrran disk sendromu ve daha basit y\u00f6ntemlere cevap vermeyen mekanik k\u00f6kenli bel agrilarinda kullanilabilir. Diagnostik olarak floroskopi altinda faset eklem i\u00e7ine 2cc % 1 lidokain ya da steroid karisimi ile birlikte verilmektedir. Lomber faset blok komplikasyonlari, agrida ge\u00e7ici artis, intervertebral foramenden ge\u00e7erek baska b\u00f6lgeye enjeksiyon olarak siralanabilir.<\/div>\n<div style=\"text-align: justify;\">Faset eklem bloklarinda basari orani % 17-83 arasinda degismektedir. Bu konuda hala randomize kontroll\u00fc \u00e7alismalara gereksinim vardir.<\/div>","protected":false},"excerpt":{"rendered":"<p>Faset Sendromu \u00dcst ve alttaki omurlar\u0131n birlikteli\u011fini sa\u011flayan faset eklemler [&hellip;]<\/p>\n","protected":false},"author":1,"featured_media":0,"comment_status":"open","ping_status":"closed","sticky":false,"template":"","format":"standard","meta":{"_jetpack_memberships_contains_paid_content":false,"footnotes":""},"categories":[190],"tags":[666,608,667,668],"class_list":["post-113","post","type-post","status-publish","format-standard","hentry","category-bel-agrilari","tag-facet","tag-faset","tag-faset-sendromu","tag-faset-sendromu-tedavisi"],"jetpack_featured_media_url":"","jetpack_sharing_enabled":true,"_links":{"self":[{"href":"https:\/\/turanuslu.net\/de\/wp-json\/wp\/v2\/posts\/113","targetHints":{"allow":["GET"]}}],"collection":[{"href":"https:\/\/turanuslu.net\/de\/wp-json\/wp\/v2\/posts"}],"about":[{"href":"https:\/\/turanuslu.net\/de\/wp-json\/wp\/v2\/types\/post"}],"author":[{"embeddable":true,"href":"https:\/\/turanuslu.net\/de\/wp-json\/wp\/v2\/users\/1"}],"replies":[{"embeddable":true,"href":"https:\/\/turanuslu.net\/de\/wp-json\/wp\/v2\/comments?post=113"}],"version-history":[{"count":1,"href":"https:\/\/turanuslu.net\/de\/wp-json\/wp\/v2\/posts\/113\/revisions"}],"predecessor-version":[{"id":10706,"href":"https:\/\/turanuslu.net\/de\/wp-json\/wp\/v2\/posts\/113\/revisions\/10706"}],"wp:attachment":[{"href":"https:\/\/turanuslu.net\/de\/wp-json\/wp\/v2\/media?parent=113"}],"wp:term":[{"taxonomy":"category","embeddable":true,"href":"https:\/\/turanuslu.net\/de\/wp-json\/wp\/v2\/categories?post=113"},{"taxonomy":"post_tag","embeddable":true,"href":"https:\/\/turanuslu.net\/de\/wp-json\/wp\/v2\/tags?post=113"}],"curies":[{"name":"wp","href":"https:\/\/api.w.org\/{rel}","templated":true}]}}