{"id":11226,"date":"2025-04-10T21:27:11","date_gmt":"2025-04-10T21:27:11","guid":{"rendered":"https:\/\/turanuslu.net\/?p=11226"},"modified":"2025-04-10T21:27:11","modified_gmt":"2025-04-10T21:27:11","slug":"kalca-artritinde-trombositten-zengin-plazma-prp","status":"publish","type":"post","link":"https:\/\/turanuslu.net\/de\/kalca-artritinde-trombositten-zengin-plazma-prp\/","title":{"rendered":"Pl\u00e4ttchenreiches Plasma (PRP) bei H\u00fcftarthritis"},"content":{"rendered":"<h1>Kal\u00e7a Artritinde Trombositten Zengin Plazma (PRP) Uygulamas\u0131<\/h1>\n<p><strong>Osteoartrit<\/strong>, yani halk aras\u0131nda bilinen ad\u0131yla <strong>kire\u00e7lenme<\/strong>, orta ya\u015f ve \u00fczerindeki bireylerde en s\u0131k kar\u015f\u0131la\u015f\u0131lan eklem rahats\u0131zl\u0131klar\u0131ndan biridir. V\u00fccudun t\u00fcm eklemlerini etkileyebilse de en \u00e7ok <strong>omurga, diz ve kal\u00e7a<\/strong> gibi a\u011f\u0131rl\u0131k ta\u015f\u0131yan b\u00f6lgelerde g\u00f6r\u00fcl\u00fcr.<\/p>\n<p><strong>Kal\u00e7a eklemi<\/strong>, dizden sonra v\u00fccudun en b\u00fcy\u00fck y\u00fck ta\u015f\u0131yan eklemidir. Y\u00fcr\u00fcme s\u0131ras\u0131nda kal\u00e7aya binen y\u00fck, ki\u015finin v\u00fccut a\u011f\u0131rl\u0131\u011f\u0131n\u0131n tam 5 kat\u0131 kadard\u0131r. Kal\u00e7a eklemi g\u00fc\u00e7l\u00fc ba\u011flar ve kaslarla desteklense de bu yo\u011fun y\u00fck, zamanla hasara neden olabilir. Eklemdeki herhangi bir yap\u0131sal bozulma, hareket kabiliyetinde azalmaya ve <strong>\u015fiddetli a\u011fr\u0131<\/strong>ya yol a\u00e7abilir.<\/p>\n<p><img decoding=\"async\" src=\"https:\/\/turanuslu.net\/wp-content\/uploads\/2025\/04\/Ekran-Resmi-2025-04-11-00.24.08.png\" data-orig-src=\"https:\/\/turanuslu.net\/wp-content\/uploads\/2025\/04\/Ekran-Resmi-2025-04-11-00.24.08.png\" alt=\"\" width=\"1170\" height=\"795\" class=\"lazyload alignnone size-full wp-image-11227\" srcset=\"data:image\/svg+xml,%3Csvg%20xmlns%3D%27http%3A%2F%2Fwww.w3.org%2F2000%2Fsvg%27%20width%3D%271170%27%20height%3D%27795%27%20viewBox%3D%270%200%201170%20795%27%3E%3Crect%20width%3D%271170%27%20height%3D%27795%27%20fill-opacity%3D%220%22%2F%3E%3C%2Fsvg%3E\" data-srcset=\"https:\/\/turanuslu.net\/wp-content\/uploads\/2025\/04\/Ekran-Resmi-2025-04-11-00.24.08-18x12.png 18w, https:\/\/turanuslu.net\/wp-content\/uploads\/2025\/04\/Ekran-Resmi-2025-04-11-00.24.08-200x136.png 200w, https:\/\/turanuslu.net\/wp-content\/uploads\/2025\/04\/Ekran-Resmi-2025-04-11-00.24.08-300x204.png 300w, https:\/\/turanuslu.net\/wp-content\/uploads\/2025\/04\/Ekran-Resmi-2025-04-11-00.24.08-400x272.png 400w, https:\/\/turanuslu.net\/wp-content\/uploads\/2025\/04\/Ekran-Resmi-2025-04-11-00.24.08-600x408.png 600w, https:\/\/turanuslu.net\/wp-content\/uploads\/2025\/04\/Ekran-Resmi-2025-04-11-00.24.08-768x522.png 768w, https:\/\/turanuslu.net\/wp-content\/uploads\/2025\/04\/Ekran-Resmi-2025-04-11-00.24.08-800x544.png 800w, https:\/\/turanuslu.net\/wp-content\/uploads\/2025\/04\/Ekran-Resmi-2025-04-11-00.24.08-1024x696.png 1024w, https:\/\/turanuslu.net\/wp-content\/uploads\/2025\/04\/Ekran-Resmi-2025-04-11-00.24.08.png 1170w\" data-sizes=\"auto\" data-orig-sizes=\"(max-width: 1170px) 100vw, 1170px\" \/><\/p>\n<h2>Kal\u00e7a Artriti Belirtileri Nelerdir?<\/h2>\n<p>Kal\u00e7a artriti hastalar\u0131nda s\u0131kl\u0131kla \u015fu \u015fikayetler g\u00f6r\u00fcl\u00fcr:<\/p>\n<ul>\n<li>Kal\u00e7a ekleminde <strong>a\u011fr\u0131<\/strong> ve <strong>sertlik<\/strong>,<\/li>\n<li><strong>Topallama<\/strong> ve y\u00fcr\u00fcy\u00fc\u015fte dengesizlik,<\/li>\n<li><strong>Sabah tutuklu\u011fu<\/strong> (hareketle \u00e7\u00f6z\u00fcl\u00fcr),<\/li>\n<li>Ayakkab\u0131 ba\u011flamak veya sandalyeden kalkmak gibi <strong>g\u00fcnl\u00fck aktivitelerde zorluk<\/strong>,<\/li>\n<li>Hareket ettik\u00e7e artan eklem a\u011fr\u0131s\u0131.<\/li>\n<\/ul>\n<h2>PRP (Trombositten Zengin Plazma) Nedir?<\/h2>\n<p><strong>PRP tedavisi<\/strong>, hastan\u0131n kendi kan\u0131ndan elde edilen trombosit a\u00e7\u0131s\u0131ndan zengin plazman\u0131n v\u00fccuttaki hasarl\u0131 b\u00f6lgeye enjekte edilerek do\u011fal iyile\u015fme mekanizmalar\u0131n\u0131n aktive edilmesini ama\u00e7layan bir <strong>rejeneratif t\u0131p<\/strong> uygulamas\u0131d\u0131r. \u00d6zellikle ba\u011f, tendon, kas ve kemik yaralanmalar\u0131nda kullan\u0131l\u0131r.<\/p>\n<p>PRP haz\u0131rlan\u0131rken:<\/p>\n<ol>\n<li>Hastadan kan al\u0131n\u0131r,<\/li>\n<li>Santrif\u00fcj edilerek trombosit a\u00e7\u0131s\u0131ndan zengin plazma ayr\u0131l\u0131r,<\/li>\n<li>Bu plazma hasarl\u0131 b\u00f6lgeye enjekte edilir.<\/li>\n<\/ol>\n<p>Bu enjeksiyon sonras\u0131 trombositler aktive olur ve iyile\u015fmeyi ba\u015flatan <strong>b\u00fcy\u00fcme fakt\u00f6rlerini<\/strong> salg\u0131lar.<\/p>\n<h2>PRP ile H\u00fccre Yenilenmesi S\u00fcreci<\/h2>\n<p>PRP enjeksiyonu sonras\u0131 iyile\u015fme 3 fazda ger\u00e7ekle\u015fir:<\/p>\n<ul>\n<li><strong>Enflamasyon Faz\u0131 (2-3 g\u00fcn):<\/strong> B\u00fcy\u00fcme fakt\u00f6rleri sal\u0131n\u0131r.<\/li>\n<li><strong>\u00c7o\u011falma Faz\u0131 (2-4 hafta):<\/strong> Kas-iskelet sisteminin yeniden in\u015fas\u0131 ba\u015flar.<\/li>\n<li><strong>Remodeling (Yeniden Yap\u0131lanma) Faz\u0131 (12 ay+):<\/strong> Kolajen \u00fcretimi artar, doku g\u00fc\u00e7lenir.<\/li>\n<\/ul>\n<h2>PRP&#8217;nin Yan Etkileri Var m\u0131?<\/h2>\n<p>PRP tedavisi <strong>do\u011fal ve g\u00fcvenlidir<\/strong>, \u00e7\u00fcnk\u00fc hastan\u0131n kendi kan\u0131 kullan\u0131l\u0131r. Kan yoluyla hastal\u0131k bula\u015fma riski ve alerjik reaksiyon ihtimali yoktur. Ancak baz\u0131 nadir komplikasyonlar \u015funlard\u0131r:<\/p>\n<ul>\n<li>Enjeksiyon b\u00f6lgesinde <strong>enfeksiyon<\/strong>,<\/li>\n<li><strong>A\u011fr\u0131n\u0131n devam etmesi<\/strong> veya yeterli iyile\u015fme sa\u011flanamamas\u0131,<\/li>\n<li><strong>N\u00f6rovask\u00fcler yaralanma<\/strong>,<\/li>\n<li><strong>Skar dokusu olu\u015fumu<\/strong>.<\/li>\n<\/ul>\n<p><em>Uygulama sonras\u0131 uzuv kayb\u0131 veya \u00f6l\u00fcm gibi komplikasyonlar son derece nadirdir ancak t\u0131bbi prosed\u00fcrlerde her zaman g\u00f6z \u00f6n\u00fcnde bulundurulmal\u0131d\u0131r.<\/em><\/p>\n<h2>Bilimsel Ara\u015ft\u0131rmalar PRP\u2019nin Etkisini Destekliyor<\/h2>\n<p>PRP tedavisi \u00fczerine yap\u0131lan hayvan ve h\u00fccre k\u00fclt\u00fcr\u00fc \u00e7al\u0131\u015fmalar\u0131, bu y\u00f6ntemin <strong>kemik olu\u015fumunu destekledi\u011fini<\/strong> g\u00f6stermi\u015ftir. \u00d6rne\u011fin, <strong>tek tarafl\u0131 kal\u00e7a osteoartriti<\/strong> olan 40 hastada yap\u0131lan bir \u00e7al\u0131\u015fmada, <strong>8 hafta i\u00e7inde 3 PRP enjeksiyonu<\/strong> sonras\u0131 hastalar\u0131n a\u011fr\u0131 skorlar\u0131nda ciddi d\u00fc\u015f\u00fc\u015f g\u00f6zlenmi\u015ftir.<\/p>\n<p>Ayn\u0131 \u015fekilde, 2013&#8217;te diz artriti \u00fczerinde yap\u0131lan bir ara\u015ft\u0131rmada, PRP enjeksiyonlar\u0131 sonras\u0131 hastalar\u0131n %70&#8217;inden fazlas\u0131nda <strong>k\u0131k\u0131rdak kayb\u0131n\u0131n durdu\u011fu<\/strong> tespit edilmi\u015ftir. Bu, PRP\u2019nin kal\u00e7a artritinde de benzer bir iyile\u015ftirici etkiye sahip oldu\u011funu d\u00fc\u015f\u00fcnd\u00fcrmektedir.<\/p>\n<h2>PRP\u2019nin Standartlar\u0131 ve FDA Durumu<\/h2>\n<p>PRP tedavisi halen <strong>deneysel uygulamalar<\/strong> kapsam\u0131nda de\u011ferlendirilmekte olup, FDA taraf\u0131ndan kal\u00e7a artriti i\u00e7in resmi onaylanm\u0131\u015f bir protokol de\u011fildir. Ancak <strong>etkinli\u011fi umut verici<\/strong> kabul edilmekte ve yak\u0131n gelecekte bu konuda daha net standartlar olu\u015fmas\u0131 beklenmektedir.<\/p>\n<h2>Kal\u00e7a PRP Proloterapisi Uygulama S\u00fcreci<\/h2>\n<p><strong>Kal\u00e7a eklemine PRP enjeksiyonu<\/strong> genellikle tek seans \u015feklinde yap\u0131l\u0131r ve i\u015flem s\u00fcresi haz\u0131rl\u0131k ve iyile\u015fme dahil olmak \u00fczere 2 saati ge\u00e7mez. Minimal invaziv olmas\u0131, cerrahiye k\u0131yasla daha az risk ve daha k\u0131sa iyile\u015fme s\u00fcresi sunar.<\/p>\n<h2>Kad\u0131k\u00f6y A\u011fr\u0131 Merkezi ile PRP Tedavisinde G\u00fcvenli Ad\u0131mlar<\/h2>\n<p><strong>Kadik\u00f6y Schmerzzentrum<\/strong> olarak, <strong>PRP tedavisini<\/strong> bireye \u00f6zel planl\u0131yor, <strong>Physiotherapie und Rehabilitation<\/strong> s\u00fcreciyle kombine ederek maksimum fayda hedefliyoruz. Kal\u00e7a artriti ile ya\u015famak zorunda de\u011filsiniz; v\u00fccudunuzun kendi iyile\u015ftirici potansiyelini harekete ge\u00e7irin.<\/p>\n<p><strong>\ud83d\udcde 90 530 343 7499<\/strong> von der Telefonnummer <strong>Physiotherapeut Turan Uslu<\/strong>&#8216;ya ula\u015farak randevu alabilir, PRP hakk\u0131nda detayl\u0131 bilgiye sahip olabilirsiniz.<\/p>\n<p><em>Do\u011fal iyile\u015fme, v\u00fccudunuzda sakl\u0131&#8230; <strong>Kadik\u00f6y Schmerzzentrum<\/strong> ile tan\u0131\u015f\u0131n, <strong>PRP tedavisi<\/strong> ile kal\u00e7a a\u011fr\u0131s\u0131na elveda deyin. <strong>Physiotherapie und Rehabilitation<\/strong> uzmanl\u0131\u011f\u0131 ile sizi yeniden hareketin \u00f6zg\u00fcrl\u00fc\u011f\u00fcne kavu\u015fturuyoruz!<\/em><\/p>","protected":false},"excerpt":{"rendered":"<p>Kal\u00e7a Artritinde Trombositten Zengin Plazma (PRP) Uygulamas\u0131 Osteoartrit, yani halk [&hellip;]<\/p>\n","protected":false},"author":1,"featured_media":11227,"comment_status":"open","ping_status":"closed","sticky":false,"template":"","format":"standard","meta":{"_jetpack_memberships_contains_paid_content":false,"footnotes":""},"categories":[1],"tags":[],"class_list":["post-11226","post","type-post","status-publish","format-standard","has-post-thumbnail","hentry","category-genel"],"jetpack_featured_media_url":"https:\/\/turanuslu.net\/wp-content\/uploads\/2025\/04\/Ekran-Resmi-2025-04-11-00.24.08.png","jetpack_sharing_enabled":true,"_links":{"self":[{"href":"https:\/\/turanuslu.net\/de\/wp-json\/wp\/v2\/posts\/11226","targetHints":{"allow":["GET"]}}],"collection":[{"href":"https:\/\/turanuslu.net\/de\/wp-json\/wp\/v2\/posts"}],"about":[{"href":"https:\/\/turanuslu.net\/de\/wp-json\/wp\/v2\/types\/post"}],"author":[{"embeddable":true,"href":"https:\/\/turanuslu.net\/de\/wp-json\/wp\/v2\/users\/1"}],"replies":[{"embeddable":true,"href":"https:\/\/turanuslu.net\/de\/wp-json\/wp\/v2\/comments?post=11226"}],"version-history":[{"count":2,"href":"https:\/\/turanuslu.net\/de\/wp-json\/wp\/v2\/posts\/11226\/revisions"}],"predecessor-version":[{"id":11229,"href":"https:\/\/turanuslu.net\/de\/wp-json\/wp\/v2\/posts\/11226\/revisions\/11229"}],"wp:featuredmedia":[{"embeddable":true,"href":"https:\/\/turanuslu.net\/de\/wp-json\/wp\/v2\/media\/11227"}],"wp:attachment":[{"href":"https:\/\/turanuslu.net\/de\/wp-json\/wp\/v2\/media?parent=11226"}],"wp:term":[{"taxonomy":"category","embeddable":true,"href":"https:\/\/turanuslu.net\/de\/wp-json\/wp\/v2\/categories?post=11226"},{"taxonomy":"post_tag","embeddable":true,"href":"https:\/\/turanuslu.net\/de\/wp-json\/wp\/v2\/tags?post=11226"}],"curies":[{"name":"wp","href":"https:\/\/api.w.org\/{rel}","templated":true}]}}