{"id":153,"date":"2009-08-26T16:29:56","date_gmt":"2009-08-26T17:29:56","guid":{"rendered":"https:\/\/turanuslu.net\/?p=153"},"modified":"2022-01-14T07:13:59","modified_gmt":"2022-01-14T07:13:59","slug":"boyun-fitigi-ve-kireclenmesi","status":"publish","type":"post","link":"https:\/\/turanuslu.net\/ar\/boyun-fitigi-ve-kireclenmesi\/","title":{"rendered":"Boyun F\u0131t\u0131\u011f\u0131 ve Kire\u00e7lenmesi"},"content":{"rendered":"<h2>Boyun F\u0131t\u0131\u011f\u0131 ve Kire\u00e7lenmesi<\/h2>\n<p style=\"text-align: justify;\">Boyun f\u0131t\u0131\u011f\u0131 ve kire\u00e7lenmeler hemen hemen ayn\u0131 \u015fikayetlere yol a\u00e7t\u0131\u011f\u0131 ve \u00e7o\u011fu zaman birlikte g\u00f6r\u00fclen hastal\u0131klar oldu\u011fu i\u00e7in ayn\u0131 ba\u015fl\u0131k alt\u0131nda anlat\u0131lm\u0131\u015ft\u0131r.<\/p>\n<div style=\"text-align: justify;\">Boyun b\u00f6lgesinde 7 adet omur ve 6 adet omurlar aras\u0131 disk vard\u0131r. Kafatas\u0131 taban\u0131 ile 1. boyun omuru ve C1-2 aras\u0131nda disk yoktur. Boyundaki omurlar; \u00f6nde omurlar ars\u0131ndaki diskler yoluyla arkada ise alt ve \u00fcst omurlar aras\u0131ndaki iki adet \u00e7\u0131k\u0131nt\u0131 (faset veya apofizer eklem) ile eklem yapar. Arkadaki eklemlere apofizer eklemler ad\u0131 verilir. Ayr\u0131ca boyundaki omurili\u011fin \u00f6n\u00fcnde ve arkas\u0131nda seyreden ba\u011flar, apofizer eklemler, apofizer eklem kaps\u00fclleri boyundaki her t\u00fcrl\u00fc hastal\u0131ktan olduk\u00e7a fazla etkilenir.<\/div>\n<p style=\"text-align: justify;\"><!--more--><br \/>\n<img class=\"lazyload\" decoding=\"async\" style=\"border: 0pt none;\" src=\"data:image\/svg+xml,%3Csvg%20xmlns%3D%27http%3A%2F%2Fwww.w3.org%2F2000%2Fsvg%27%20width%3D%27605%27%20height%3D%27300%27%20viewBox%3D%270%200%20605%20300%27%3E%3Crect%20width%3D%27605%27%20height%3D%27300%27%20fill-opacity%3D%220%22%2F%3E%3C%2Fsvg%3E\" data-orig-src=\"https:\/\/turanuslu.net\/icerikresimleri\/boyunfitigi\/byn1.jpg\" alt=\"\" width=\"605\" height=\"300\" border=\"0\" \/><\/p>\n<div style=\"text-align: justify;\">Ayr\u0131ca; stres, mesleki zorlanmalar, daktilo kullanmak, trafik kazalar\u0131, duru\u015f bozukluklar\u0131, boyun sa\u011fl\u0131\u011f\u0131n\u0131 bozan \u00f6nemli fakt\u00f6rlerdir. Boyundaki ilk de\u011fi\u015fiklik disklerden ba\u015flar. Ba\u015flang\u0131\u00e7ta disklerin i\u00e7indeki su i\u00e7eri\u011fi azal\u0131r, diskin i\u00e7 taraf\u0131ndaki liflerinde y\u0131rt\u0131lmalar olu\u015fur ve diskin i\u00e7indeki jelatin\u00f6z s\u0131v\u0131 bu y\u0131rt\u0131klardan f\u0131t\u0131kla\u015farak sinirler ve yumu\u015fak dokular \u00fczerine bask\u0131 yapar. Boyundaki f\u0131t\u0131kla\u015fmay\u0131 boyun \u00f6n ve arka taraf eklemlerinde kire\u00e7lenmelere ve neticede boyunda hareket kayb\u0131na ve lokalize(b\u00f6lgesel kalan) radik\u00fcler (yay\u0131l\u0131c\u0131) a\u011fr\u0131lara yol a\u00e7ar.<\/div>\n<div><strong>Belirtileri nelerdir ?<\/strong><\/div>\n<p>&nbsp;<\/p>\n<div style=\"text-align: justify;\">Boyun f\u0131t\u0131\u011f\u0131 ve kire\u00e7lenmelerinin en \u00f6nemli belirtisi a\u011fr\u0131 ve hareket k\u0131s\u0131tl\u0131\u011f\u0131d\u0131r. A\u011fr\u0131 boyunda, omuzlarda, kollarda, k\u00fcrek kemikleri aras\u0131nda olabilir. Bazen boyun a\u011fr\u0131s\u0131 olmadan da omuz ve kol a\u011fr\u0131lar\u0131 g\u00f6r\u00fclebilir. Boyun b\u00f6lgesinde kire\u00e7lenme ve f\u0131t\u0131k olan hastalarda \u00e7ok fazla \u015fikayet vard\u0131r. Ba\u015f a\u011fr\u0131lar\u0131 da olduk\u00e7a yayg\u0131nd\u0131r. A\u011fr\u0131 genellikle \u015fiddetlidir, hareketsiz kalmak veya yanl\u0131\u015f hareketler a\u011fr\u0131y\u0131 artt\u0131r\u0131r, hasta sabahlar\u0131 boynu tutulmu\u015f olarak kalkar. Boyun f\u0131t\u0131\u011f\u0131 ve kire\u00e7lenmelerinde boyun kaslar\u0131nda spazma ba\u011fl\u0131 \u015fiddetli kas a\u011fr\u0131lar\u0131 vard\u0131r. Ayr\u0131ca yorgunluk, bitkinlik, ate\u015f basmalar\u0131, tahamm\u00fcls\u00fczl\u00fck, g\u00f6r\u00fclebilir.<\/div>\n<div style=\"text-align: justify;\">A\u011fr\u0131 g\u00f6\u011f\u00fcse yay\u0131larak kalpten kaynaklanan a\u011fr\u0131larla kar\u0131\u015ft\u0131r\u0131labilir. Omuz, kol, veya parmaklarda uyu\u015fma, kar\u0131ncalanma, sinirlerde ciddi bas\u0131 oldu\u011funu g\u00f6sterir. Hatta kolda incelme olabilir. \u0130lerlemi\u015f vakalarda kollarda ve parmaklarda g\u00fc\u00e7s\u00fczl\u00fck g\u00f6r\u00fclebilir.<\/div>\n<p style=\"text-align: justify;\"><img class=\"lazyload\" decoding=\"async\" style=\"border: 0pt none;\" src=\"data:image\/svg+xml,%3Csvg%20xmlns%3D%27http%3A%2F%2Fwww.w3.org%2F2000%2Fsvg%27%20width%3D%27437%27%20height%3D%27252%27%20viewBox%3D%270%200%20437%20252%27%3E%3Crect%20width%3D%27437%27%20height%3D%27252%27%20fill-opacity%3D%220%22%2F%3E%3C%2Fsvg%3E\" data-orig-src=\"https:\/\/turanuslu.net\/icerikresimleri\/boyunfitigi\/osteophyte.gif\" alt=\"\" width=\"437\" height=\"252\" border=\"0\" \/><br \/>\n<img class=\"lazyload\" decoding=\"async\" style=\"border: 0pt none;\" src=\"data:image\/svg+xml,%3Csvg%20xmlns%3D%27http%3A%2F%2Fwww.w3.org%2F2000%2Fsvg%27%20width%3D%27466%27%20height%3D%27559%27%20viewBox%3D%270%200%20466%20559%27%3E%3Crect%20width%3D%27466%27%20height%3D%27559%27%20fill-opacity%3D%220%22%2F%3E%3C%2Fsvg%3E\" data-orig-src=\"https:\/\/turanuslu.net\/icerikresimleri\/boyunfitigi\/compression.gif\" alt=\"\" width=\"466\" height=\"559\" border=\"0\" \/><\/p>\n<div style=\"text-align: justify;\">Baz\u0131 boyun f\u0131t\u0131\u011f\u0131 ve kire\u00e7lenmeler omurilik kanal\u0131n\u0131 daraltarak kollarda g\u00fc\u00e7s\u00fczl\u00fck, bacaklarda spastisite ( sertlik ), beceriksiz y\u00fcr\u00fcme gibi ciddi t\u0131bbi problemlere yol a\u00e7abilir (servikal myelopati).<\/div>\n<div><strong>Nas\u0131l te\u015fhis edilir ?<\/strong><\/div>\n<p>&nbsp;<\/p>\n<div style=\"text-align: justify;\">\u00c7o\u011fu hastada, hastan\u0131n \u015fikayeti ve muayene olduk\u00e7a i\u015fe yarar. D\u00fcz r\u00f6ntgen filmleri, boyundaki f\u0131t\u0131\u011fa ait d\u00fczle\u015fme, eklem aral\u0131\u011f\u0131nda daralma, boynun a\u00e7\u0131lanmas\u0131 ve kire\u00e7lenmelerini g\u00f6sterir. MR ve tomografi boyun f\u0131t\u0131\u011f\u0131n\u0131n ve kire\u00e7lenmelerinin de\u011ferlendirilmesinde ileri tetkik metodlar\u0131d\u0131r, ve \u00e7o\u011fu hastada gerekli de\u011fildir.<\/div>\n<p style=\"text-align: justify;\"><img class=\"lazyload\" decoding=\"async\" style=\"border: 0pt none;\" src=\"data:image\/svg+xml,%3Csvg%20xmlns%3D%27http%3A%2F%2Fwww.w3.org%2F2000%2Fsvg%27%20width%3D%27300%27%20height%3D%27374%27%20viewBox%3D%270%200%20300%20374%27%3E%3Crect%20width%3D%27300%27%20height%3D%27374%27%20fill-opacity%3D%220%22%2F%3E%3C%2Fsvg%3E\" data-orig-src=\"https:\/\/turanuslu.net\/icerikresimleri\/boyunfitigi\/boyun3.jpg\" alt=\"\" width=\"300\" height=\"374\" border=\"0\" \/><\/p>\n<div><strong>Tedavi nas\u0131l olmal\u0131d\u0131r?<\/strong><\/div>\n<p>&nbsp;<\/p>\n<div style=\"text-align: justify;\">Gen\u00e7 ve orta ya\u015flarda boyun f\u0131t\u0131\u011f\u0131, orta ve ileri ya\u015flarda ise boyun kire\u00e7lenmesi olduk\u00e7a s\u0131k rastlanan hastal\u0131klad\u0131r. \u00c7o\u011fu zaman ayn\u0131 hastada hem f\u0131t\u0131k, hem de kire\u00e7lenme g\u00f6r\u00fcl\u00fcr. Bu kadar s\u0131k rastlanan ve hastalar\u0131n ya\u015fam kalitelerini olduk\u00e7a etkileyen boyun f\u0131t\u0131\u011f\u0131 ve kire\u00e7lenmelerin ideal bir tedavisi yoktur.<\/div>\n<div style=\"text-align: justify;\">A\u011fr\u0131 kesiciler, antiromatizmal ila\u00e7lar, kas gev\u015fetici, ve antideprasan ila\u00e7lar en s\u0131k kullan\u0131lan ila\u00e7lard\u0131r. Akut boyun f\u0131t\u0131klar\u0131nda kortikosteroidler dikkatlice kullan\u0131labilir. Boyun korseleri boynun dinlenmesini sa\u011flayarak tedaviye yard\u0131mc\u0131 olur. Boyun b\u00f6lgesine yap\u0131lacak enjeksiyonlar baz\u0131 hastalarda boyun \u00e7evresindeki kas spazm\u0131n\u0131n \u00e7\u00f6z\u00fclmesine yard\u0131mc\u0131 olur. Ancak ehil ellerde yap\u0131lmal\u0131d\u0131r.<\/div>\n<div style=\"text-align: justify;\">Ayr\u0131ca y\u00fczeysel ve derin \u0131s\u0131t\u0131c\u0131lar, d\u00fc\u015f\u00fck frakansl\u0131 elektrik ak\u0131mlar\u0131 ve traksiyon \u00e7o\u011fu hastada semptomatik iyile\u015fme sa\u011flar. Akut d\u00f6nemde izometrik, subakut ve kronik d\u00f6nemde ise izometrik ve izotonik boyun egzersizleri bu hastalar\u0131n rehabilitasyonuna \u00f6nemli katk\u0131 sa\u011flar ve tekrarlamalar\u0131 en aza indirir. Bu hastalarda boyun ergonomisinin sa\u011flanmas\u0131 ve boyun koruma prensiplerinin \u00f6\u011fretilmesi gerekir. \u0130lerlemi\u015f vakalarda cerrahi m\u00fcdahele yap\u0131l\u0131r.<\/div>","protected":false},"excerpt":{"rendered":"<p>Boyun F\u0131t\u0131\u011f\u0131 ve Kire\u00e7lenmesi Boyun f\u0131t\u0131\u011f\u0131 ve kire\u00e7lenmeler hemen hemen [&hellip;]<\/p>\n","protected":false},"author":1,"featured_media":2364,"comment_status":"open","ping_status":"closed","sticky":false,"template":"","format":"standard","meta":{"_jetpack_memberships_contains_paid_content":false,"footnotes":""},"categories":[678],"tags":[78,686,701,702,710,711,712,585,425,427],"class_list":["post-153","post","type-post","status-publish","format-standard","has-post-thumbnail","hentry","category-boyun-agrilari","tag-boyun-agrisi","tag-boyun-fitigi","tag-boyun-fitigi-ameliyati","tag-boyun-fitigi-tedavisi","tag-boyun-jireclenmesi","tag-boyun-kireclenmesi","tag-boyun-kireclenmesi-tedavisi","tag-boyun-sagligi","tag-kireclenme","tag-kireclenme-tedavisi"],"jetpack_featured_media_url":"https:\/\/turanuslu.net\/wp-content\/uploads\/2009\/08\/boyun-fitigi-ve-kireclenmesi.jpg","jetpack_sharing_enabled":true,"_links":{"self":[{"href":"https:\/\/turanuslu.net\/ar\/wp-json\/wp\/v2\/posts\/153","targetHints":{"allow":["GET"]}}],"collection":[{"href":"https:\/\/turanuslu.net\/ar\/wp-json\/wp\/v2\/posts"}],"about":[{"href":"https:\/\/turanuslu.net\/ar\/wp-json\/wp\/v2\/types\/post"}],"author":[{"embeddable":true,"href":"https:\/\/turanuslu.net\/ar\/wp-json\/wp\/v2\/users\/1"}],"replies":[{"embeddable":true,"href":"https:\/\/turanuslu.net\/ar\/wp-json\/wp\/v2\/comments?post=153"}],"version-history":[{"count":1,"href":"https:\/\/turanuslu.net\/ar\/wp-json\/wp\/v2\/posts\/153\/revisions"}],"predecessor-version":[{"id":10696,"href":"https:\/\/turanuslu.net\/ar\/wp-json\/wp\/v2\/posts\/153\/revisions\/10696"}],"wp:featuredmedia":[{"embeddable":true,"href":"https:\/\/turanuslu.net\/ar\/wp-json\/wp\/v2\/media\/2364"}],"wp:attachment":[{"href":"https:\/\/turanuslu.net\/ar\/wp-json\/wp\/v2\/media?parent=153"}],"wp:term":[{"taxonomy":"category","embeddable":true,"href":"https:\/\/turanuslu.net\/ar\/wp-json\/wp\/v2\/categories?post=153"},{"taxonomy":"post_tag","embeddable":true,"href":"https:\/\/turanuslu.net\/ar\/wp-json\/wp\/v2\/tags?post=153"}],"curies":[{"name":"wp","href":"https:\/\/api.w.org\/{rel}","templated":true}]}}