{"id":1177,"date":"2015-01-09T15:50:11","date_gmt":"2015-01-09T16:50:11","guid":{"rendered":"https:\/\/turanuslu.net\/?p=1177"},"modified":"2021-06-14T14:18:25","modified_gmt":"2021-06-14T14:18:25","slug":"melkersson-rosenthal-sendromu-mrs","status":"publish","type":"post","link":"https:\/\/turanuslu.net\/ar\/melkersson-rosenthal-sendromu-mrs\/","title":{"rendered":"Melkersson-Rosenthal sendromu"},"content":{"rendered":"<h1><img decoding=\"async\" class=\"lazyload size-medium wp-image-1178 alignleft\" src=\"https:\/\/turanuslu.net\/wp-content\/uploads\/2015\/01\/Melkersson-Rosenthal-sendromu-MRS.jpg\" data-orig-src=\"https:\/\/turanuslu.net\/wp-content\/uploads\/2015\/01\/Melkersson-Rosenthal-sendromu-MRS.jpg\" alt=\"Melkersson-Rosenthal sendromu (MRS) Y\u00fcz felci ile seyreden bir hastal\u0131kd\u0131r.\" width=\"284\" height=\"300\" srcset=\"data:image\/svg+xml,%3Csvg%20xmlns%3D%27http%3A%2F%2Fwww.w3.org%2F2000%2Fsvg%27%20width%3D%27284%27%20height%3D%27300%27%20viewBox%3D%270%200%20284%20300%27%3E%3Crect%20width%3D%27284%27%20height%3D%27300%27%20fill-opacity%3D%220%22%2F%3E%3C%2Fsvg%3E\" data-srcset=\"https:\/\/turanuslu.net\/wp-content\/uploads\/2015\/01\/Melkersson-Rosenthal-sendromu-MRS-200x211.jpg 200w, https:\/\/turanuslu.net\/wp-content\/uploads\/2015\/01\/Melkersson-Rosenthal-sendromu-MRS-285x300.jpg 285w, https:\/\/turanuslu.net\/wp-content\/uploads\/2015\/01\/Melkersson-Rosenthal-sendromu-MRS-400x422.jpg 400w, https:\/\/turanuslu.net\/wp-content\/uploads\/2015\/01\/Melkersson-Rosenthal-sendromu-MRS.jpg 463w\" data-sizes=\"auto\" data-orig-sizes=\"(max-width: 284px) 100vw, 284px\" \/>Melkersson-Rosenthal sendromu<\/h1>\n<p>Melkersson-Rosenthal sendromu (MRS) Y\u00fcz felci ile seyreden bir hastal\u0131kd\u0131r.<\/p>\n<p>Periferik fasiyal paralizi, y\u00fczde \u00f6dem ve par\u00e7al\u0131 dil \u00fc\u00e7l\u00fc belirtisi ile karakterize bir hastal\u0131kt\u0131r. ((MRS))<\/p>\n<p>Hastal\u0131k y\u00fcz, dudaklar, a\u011f\u0131z ve fasiyal sinirde \u00f6deme yol a\u00e7an gran\u00fclomat\u00f6z patoloji ile seyreder.<\/p>\n<p>Sendromun belirti ve bulgular\u0131n\u0131n kendili\u011finden veya tedaviyle geriledi\u011fine dair yayg\u0131n kanaat olmas\u0131na kar\u015f\u0131n, baz\u0131 hastalarda hastal\u0131k pilerleyici seyredebilmekte ve cerrahi tedavi (fasiyal sinir dekompresyonu) gerektirmektedir.<\/p>\n<p>Hastal\u0131\u011f\u0131n nadir g\u00f6r\u00fclmesinden dolay\u0131, zaman zaman te\u015fhis g\u00fc\u00e7l\u00fckleri ve te\u015fhiste gecikmeler s\u00f6z konusu olmaktad\u0131r.<\/p>\n<p><a title=\"\u0634\u0644\u0644 \u0627\u0644\u0648\u062c\u0647\" href=\"https:\/\/turanuslu.net\/ar\/yuz-felci\/\" target=\"_blank\" rel=\"noopener noreferrer\"><strong>\u0634\u0644\u0644 \u0627\u0644\u0648\u062c\u0647 <\/strong><\/a>ile seyreden di\u011fer hastal\u0131k ise \u00a0<a title=\"Ramsay Hunt Sendromu\" href=\"https:\/\/turanuslu.net\/ar\/ramsay-hunt-sendromu\/\" target=\"_blank\" rel=\"noopener noreferrer\"><strong>Ramsay Hunt Sendromu<\/strong><\/a>&#8216;dur.<\/p>\n<p>&nbsp;<\/p>\n<p>&nbsp;<\/p>\n<p>&nbsp;<\/p>\n<p><a href=\"https:\/\/www.youtube.com\/channel\/UC-EH3FtNo45g8-ja6zGzfTA\" target=\"_blank\" rel=\"noopener\"><img decoding=\"async\" class=\"lazyload wp-image-2466 size-full alignleft\" src=\"data:image\/svg+xml,%3Csvg%20xmlns%3D%27http%3A%2F%2Fwww.w3.org%2F2000%2Fsvg%27%20width%3D%27300%27%20height%3D%27150%27%20viewBox%3D%270%200%20300%20150%27%3E%3Crect%20width%3D%27300%27%20height%3D%27150%27%20fill-opacity%3D%220%22%2F%3E%3C%2Fsvg%3E\" data-orig-src=\"https:\/\/turanuslu.net\/wp-content\/uploads\/2010\/04\/abone-olun.jpg\" alt=\"\" width=\"300\" height=\"150\" \/><\/a><a href=\"http:\/\/turanuslu.net\/ar\/randevu\/\"><img decoding=\"async\" class=\"lazyload alignleft wp-image-2465 size-full\" src=\"data:image\/svg+xml,%3Csvg%20xmlns%3D%27http%3A%2F%2Fwww.w3.org%2F2000%2Fsvg%27%20width%3D%27300%27%20height%3D%27150%27%20viewBox%3D%270%200%20300%20150%27%3E%3Crect%20width%3D%27300%27%20height%3D%27150%27%20fill-opacity%3D%220%22%2F%3E%3C%2Fsvg%3E\" data-orig-src=\"https:\/\/turanuslu.net\/wp-content\/uploads\/2010\/04\/randevu-alin.jpg\" alt=\"\" width=\"300\" height=\"150\" \/><\/a><\/p>","protected":false},"excerpt":{"rendered":"<p>Melkersson-Rosenthal sendromu Melkersson-Rosenthal sendromu (MRS) Y\u00fcz felci ile seyreden bir [&hellip;]<\/p>\n","protected":false},"author":1,"featured_media":0,"comment_status":"closed","ping_status":"closed","sticky":false,"template":"","format":"standard","meta":{"_jetpack_memberships_contains_paid_content":false,"footnotes":""},"categories":[1029],"tags":[1021,1057,1058,1059,1060,1061,1062,1063,1064,1016,1017,1028,1030],"class_list":["post-1177","post","type-post","status-publish","format-standard","hentry","category-yuz-felci","tag-fasiyal-sinir","tag-fasiyal-sinir-dekompresyonu","tag-granulomatoz-patoloji","tag-melkersson-rosenthal-sendromu","tag-melkersson-rosenthal-sendromu-belirtileri","tag-melkersson-rosenthal-sendromu-belirtisi","tag-melkersson-rosenthal-sendromu-teshisi","tag-mrs","tag-periferik-fasiyal-paralizi","tag-sendrom","tag-sendromu","tag-yuz","tag-yuz-felci-2"],"jetpack_featured_media_url":"","jetpack_sharing_enabled":true,"_links":{"self":[{"href":"https:\/\/turanuslu.net\/ar\/wp-json\/wp\/v2\/posts\/1177","targetHints":{"allow":["GET"]}}],"collection":[{"href":"https:\/\/turanuslu.net\/ar\/wp-json\/wp\/v2\/posts"}],"about":[{"href":"https:\/\/turanuslu.net\/ar\/wp-json\/wp\/v2\/types\/post"}],"author":[{"embeddable":true,"href":"https:\/\/turanuslu.net\/ar\/wp-json\/wp\/v2\/users\/1"}],"replies":[{"embeddable":true,"href":"https:\/\/turanuslu.net\/ar\/wp-json\/wp\/v2\/comments?post=1177"}],"version-history":[{"count":4,"href":"https:\/\/turanuslu.net\/ar\/wp-json\/wp\/v2\/posts\/1177\/revisions"}],"predecessor-version":[{"id":10555,"href":"https:\/\/turanuslu.net\/ar\/wp-json\/wp\/v2\/posts\/1177\/revisions\/10555"}],"wp:attachment":[{"href":"https:\/\/turanuslu.net\/ar\/wp-json\/wp\/v2\/media?parent=1177"}],"wp:term":[{"taxonomy":"category","embeddable":true,"href":"https:\/\/turanuslu.net\/ar\/wp-json\/wp\/v2\/categories?post=1177"},{"taxonomy":"post_tag","embeddable":true,"href":"https:\/\/turanuslu.net\/ar\/wp-json\/wp\/v2\/tags?post=1177"}],"curies":[{"name":"wp","href":"https:\/\/api.w.org\/{rel}","templated":true}]}}