{"id":11210,"date":"2025-04-10T21:10:15","date_gmt":"2025-04-10T21:10:15","guid":{"rendered":"https:\/\/turanuslu.net\/?p=11210"},"modified":"2025-04-10T21:10:15","modified_gmt":"2025-04-10T21:10:15","slug":"medikal-estetikte-prp-uygulamasi","status":"publish","type":"post","link":"https:\/\/turanuslu.net\/ar\/medikal-estetikte-prp-uygulamasi\/","title":{"rendered":"Medikal Estetikte PRP Uygulamas\u0131"},"content":{"rendered":"<h1>Medikal Estetikte PRP Uygulamas\u0131: Cildinizi Yenileyin, Do\u011fall\u0131\u011f\u0131yla Gen\u00e7le\u015fin<\/h1>\n<p><strong>PRP (Platelet Rich Plasma)<\/strong>, yani <strong>Trombositten Zengin Plazma<\/strong> tedavisi, cildin yenilenmesi, k\u0131r\u0131\u015f\u0131kl\u0131klar\u0131n azalt\u0131lmas\u0131 ve sa\u011fl\u0131kl\u0131, gen\u00e7 bir g\u00f6r\u00fcn\u00fcm kazan\u0131lmas\u0131 amac\u0131yla uygulanan son derece etkili bir y\u00f6ntemdir. <strong>\u0645\u0631\u0643\u0632 \u0643\u0627\u062f\u064a\u0643\u0648\u064a \u0644\u0644\u0623\u0644\u0645<\/strong> olarak, estetik ama\u00e7l\u0131 PRP uygulamalar\u0131n\u0131, <strong>\u0627\u0644\u0639\u0644\u0627\u062c \u0627\u0644\u0637\u0628\u064a\u0639\u064a \u0648\u0625\u0639\u0627\u062f\u0629 \u0627\u0644\u062a\u0623\u0647\u064a\u0644<\/strong> protokollerimizle birlikte, hastalar\u0131m\u0131za \u00f6zel programlarla sunmaktay\u0131z.<\/p>\n<p><img decoding=\"async\" src=\"https:\/\/turanuslu.net\/wp-content\/uploads\/2025\/04\/Ekran-Resmi-2025-04-11-00.08.02.png\" data-orig-src=\"https:\/\/turanuslu.net\/wp-content\/uploads\/2025\/04\/Ekran-Resmi-2025-04-11-00.08.02.png\" alt=\"\" width=\"1173\" height=\"701\" class=\"lazyload alignnone size-full wp-image-11211\" srcset=\"data:image\/svg+xml,%3Csvg%20xmlns%3D%27http%3A%2F%2Fwww.w3.org%2F2000%2Fsvg%27%20width%3D%271173%27%20height%3D%27701%27%20viewBox%3D%270%200%201173%20701%27%3E%3Crect%20width%3D%271173%27%20height%3D%27701%27%20fill-opacity%3D%220%22%2F%3E%3C%2Fsvg%3E\" data-srcset=\"https:\/\/turanuslu.net\/wp-content\/uploads\/2025\/04\/Ekran-Resmi-2025-04-11-00.08.02-18x12.png 18w, https:\/\/turanuslu.net\/wp-content\/uploads\/2025\/04\/Ekran-Resmi-2025-04-11-00.08.02-200x120.png 200w, https:\/\/turanuslu.net\/wp-content\/uploads\/2025\/04\/Ekran-Resmi-2025-04-11-00.08.02-300x179.png 300w, https:\/\/turanuslu.net\/wp-content\/uploads\/2025\/04\/Ekran-Resmi-2025-04-11-00.08.02-400x239.png 400w, https:\/\/turanuslu.net\/wp-content\/uploads\/2025\/04\/Ekran-Resmi-2025-04-11-00.08.02-600x359.png 600w, https:\/\/turanuslu.net\/wp-content\/uploads\/2025\/04\/Ekran-Resmi-2025-04-11-00.08.02-768x459.png 768w, https:\/\/turanuslu.net\/wp-content\/uploads\/2025\/04\/Ekran-Resmi-2025-04-11-00.08.02-800x478.png 800w, https:\/\/turanuslu.net\/wp-content\/uploads\/2025\/04\/Ekran-Resmi-2025-04-11-00.08.02-1024x612.png 1024w, https:\/\/turanuslu.net\/wp-content\/uploads\/2025\/04\/Ekran-Resmi-2025-04-11-00.08.02.png 1173w\" data-sizes=\"auto\" data-orig-sizes=\"(max-width: 1173px) 100vw, 1173px\" \/><\/p>\n<h2>PRP Nedir?<\/h2>\n<p>PRP, hastan\u0131n kendi kan\u0131ndan al\u0131nan k\u00fc\u00e7\u00fck bir miktar\u0131n santrif\u00fcj i\u015fleminden ge\u00e7irilerek, trombosit (platelet) bak\u0131m\u0131ndan zengin plazman\u0131n ayr\u0131\u015ft\u0131r\u0131lmas\u0131yla elde edilen bir tedavi \u00fcr\u00fcn\u00fcd\u00fcr. Elde edilen bu <strong>trombosit a\u00e7\u0131s\u0131ndan yo\u011fun s\u0131v\u0131<\/strong>, yeniden ayn\u0131 ki\u015fiye, hedef dokuya enjeksiyon yoluyla uygulan\u0131r.<\/p>\n<h2>PRP Uygulamas\u0131n\u0131n Amac\u0131 Nedir?<\/h2>\n<p>Trombositler, v\u00fccuttaki hasarl\u0131 dokular\u0131 onarmak ve yeniden yap\u0131land\u0131rmak i\u00e7in gerekli olan <strong>\u0639\u0648\u0627\u0645\u0644 \u0627\u0644\u0646\u0645\u0648<\/strong> bar\u0131nd\u0131ran kan h\u00fccreleridir. <strong>PRP uygulamas\u0131n\u0131n temel amac\u0131<\/strong>, do\u011fal kan dola\u015f\u0131m\u0131 ile hedef dokuya ula\u015fabilecek olandan \u00e7ok daha y\u00fcksek oranda trombositi do\u011frudan hedefe ula\u015ft\u0131rmakt\u0131r. B\u00f6ylece:<\/p>\n<ul>\n<li>Cilt alt\u0131 dokular <strong>yenilenir<\/strong>,<\/li>\n<li>Derideki hasarlar onar\u0131l\u0131r,<\/li>\n<li>Kolajen \u00fcretimi artar,<\/li>\n<li><strong>Gen\u00e7le\u015fme ve parlakl\u0131k<\/strong> sa\u011flan\u0131r.<\/li>\n<\/ul>\n<h2>PRP ile Cilt Gen\u00e7le\u015ftirme: Yara \u0130yile\u015fmesi ve Estetik Ayn\u0131 Mekanizmada Bulu\u015fuyor<\/h2>\n<p>Ya\u015flanan ciltte, yara iyile\u015fmesinde oldu\u011fu gibi h\u00fccresel hasarlar mevcuttur. Bu nedenle <strong>\u0639\u0644\u0627\u062c \u0627\u0644\u0628\u0644\u0627\u0632\u0645\u0627 \u0627\u0644\u063a\u0646\u064a\u0629 \u0628\u0627\u0644\u0635\u0641\u0627\u0626\u062d \u0627\u0644\u062f\u0645\u0648\u064a\u0629<\/strong>, hem yara iyile\u015ftirme hem de <strong>deri gen\u00e7le\u015ftirme<\/strong> s\u00fcre\u00e7lerinde benzer etkilere sahiptir. Lazer ve peeling gibi i\u015flemler, cilde mikro hasar vererek iyile\u015fme s\u00fcrecini tetiklerken, <strong>PRP bu s\u00fcreci i\u00e7eriden destekler<\/strong>. PRP ile cilt ve cilt alt\u0131 dokular daha etkili, daha do\u011fal ve daha h\u0131zl\u0131 \u015fekilde yenilenir.<\/p>\n<h2>PRP Hangi Estetik Alanlarda Kullan\u0131l\u0131r?<\/h2>\n<p><strong>PRP uygulamas\u0131<\/strong>, h\u00fccresel tedavi y\u00f6ntemlerinin estetikteki en ba\u015far\u0131l\u0131 uygulamalar\u0131ndan biridir. Kullan\u0131m alanlar\u0131:<\/p>\n<ul>\n<li><strong>Cilt gen\u00e7le\u015ftirme<\/strong> ve parlakl\u0131k kazand\u0131rma<\/li>\n<li><strong>G\u00f6z alt\u0131 morluklar\u0131<\/strong> ve ince k\u0131r\u0131\u015f\u0131kl\u0131klar\u0131n giderilmesi<\/li>\n<li><strong>Sivilce izleri<\/strong> ve cilt lekelerinin azalt\u0131lmas\u0131<\/li>\n<li><strong>Yara ve akne izlerinin<\/strong> iyile\u015ftirilmesi<\/li>\n<li><strong>Sa\u00e7 d\u00f6k\u00fclmesi<\/strong> ve sa\u00e7 kalitesinin art\u0131r\u0131lmas\u0131<\/li>\n<\/ul>\n<h2>PRP Uygulamas\u0131 K\u00f6k H\u00fccre Tedavisi midir?<\/h2>\n<p><strong>Hay\u0131r<\/strong>. PRP uygulamas\u0131 bir <strong>k\u00f6k h\u00fccre tedavisi de\u011fildir<\/strong>. PRP\u2019de k\u00f6k h\u00fccreler de\u011fil, <strong>b\u00fcy\u00fcme fakt\u00f6rleri<\/strong> ile doku yenilenmesini te\u015fvik eden trombositler bulunur. Ancak h\u00fccreleri uyararak, v\u00fccudun kendi k\u00f6k h\u00fccrelerini harekete ge\u00e7irmeyi sa\u011flar.<\/p>\n<h2>PRP Uygulamas\u0131 G\u00fcvenli midir?<\/h2>\n<p><strong>Evet<\/strong>. PRP tedavisi tamamen <strong>otolog<\/strong> yani hastan\u0131n kendi kan\u0131ndan elde edilir. Uygulama steril ko\u015fullarda, kapal\u0131 sistemde ger\u00e7ekle\u015ftirilir. D\u0131\u015far\u0131dan yabanc\u0131 madde verilmedi\u011fi i\u00e7in <strong>enfeksiyon riski son derece d\u00fc\u015f\u00fckt\u00fcr<\/strong>. PRP tedavisi hem g\u00fcvenilir hem de etkili bir uygulamad\u0131r.<\/p>\n<h2>PRP Uygulamas\u0131 Ne Kadar S\u00fcrer?<\/h2>\n<p>\u0130\u015flem <strong>yakla\u015f\u0131k 30 dakika<\/strong> s\u00fcrer. H\u0131zl\u0131 ve a\u011fr\u0131s\u0131zd\u0131r. Uygulama sonras\u0131 hemen sosyal ya\u015fant\u0131ya d\u00f6n\u00fclebilir.<\/p>\n<h2>Ne Zaman Etki G\u00f6sterir?<\/h2>\n<p>\u0130lk uygulamadan hemen sonra ciltte <strong>parlakl\u0131k ve canl\u0131l\u0131k<\/strong> hissedilir. Bu etki ge\u00e7icidir, ancak 3-4 seansl\u0131k bir k\u00fcr sonras\u0131 <strong>kal\u0131c\u0131 gen\u00e7le\u015fme ve s\u0131k\u0131la\u015fma<\/strong> sa\u011flan\u0131r.<\/p>\n<h2>Ka\u00e7 Seans Gerekir?<\/h2>\n<p><strong>PRP etkisinin birikimli olmas\u0131<\/strong> nedeniyle genellikle <strong>3-4 seans<\/strong> \u00f6nerilir. Seans aral\u0131klar\u0131 2-3 hafta olabilir. Bu k\u00fcr tamamland\u0131\u011f\u0131nda ciltte uzun s\u00fcreli bir yenilenme sa\u011flan\u0131r.<\/p>\n<h2>PRP Uygulamas\u0131n\u0131n Estetik Avantajlar\u0131<\/h2>\n<ul>\n<li>Uzun s\u00fcreli ve kal\u0131c\u0131 etki sa\u011flar<\/li>\n<li>Deriyi en do\u011fal haliyle <strong>yeniden yap\u0131land\u0131r\u0131r<\/strong><\/li>\n<li>Yaln\u0131zca kolajen de\u011fil, t\u00fcm cilt fonksiyonlar\u0131n\u0131 destekler<\/li>\n<li>K\u0131r\u0131\u015f\u0131kl\u0131klar\u0131 <strong>doldurmadan, gen\u00e7le\u015ftirerek<\/strong> giderir<\/li>\n<li>G\u00f6z \u00e7evresi, al\u0131n, yanak ve \u00e7ene hatt\u0131nda <strong>lifting etkisi<\/strong> sa\u011flar<\/li>\n<\/ul>\n<h2>PRP Uygulamas\u0131 ve Fizik Tedavi Entegrasyonu<\/h2>\n<p>Estetik ama\u00e7l\u0131 PRP uygulamalar\u0131, sadece y\u00fcz gen\u00e7le\u015ftirme ile s\u0131n\u0131rl\u0131 de\u011fildir. <strong>\u0645\u0631\u0643\u0632 \u0643\u0627\u062f\u064a\u0643\u0648\u064a \u0644\u0644\u0623\u0644\u0645<\/strong> olarak, PRP uygulamas\u0131n\u0131 <strong>\u0627\u0644\u0639\u0644\u0627\u062c \u0627\u0644\u0637\u0628\u064a\u0639\u064a \u0648\u0625\u0639\u0627\u062f\u0629 \u0627\u0644\u062a\u0623\u0647\u064a\u0644<\/strong> s\u00fcre\u00e7lerinde de ek destek olarak kullan\u0131yoruz. B\u00f6ylece <strong>kas-iskelet sistemi sa\u011fl\u0131\u011f\u0131<\/strong> ile <strong>estetik g\u00f6r\u00fcn\u00fcm<\/strong> aras\u0131nda b\u00fct\u00fcnsel bir denge kuruyoruz.<\/p>\n<p><strong>\ud83d\udcde 90 530 343 7499<\/strong> \u0645\u0646 \u0631\u0642\u0645 \u0627\u0644\u0647\u0627\u062a\u0641 <strong>\u0623\u062e\u0635\u0627\u0626\u064a \u0627\u0644\u0639\u0644\u0627\u062c \u0627\u0644\u0637\u0628\u064a\u0639\u064a \u062a\u0648\u0631\u0627\u0646 \u0623\u0648\u0633\u0644\u0648<\/strong>&#8216;ya ula\u015farak PRP ile ilgili detayl\u0131 bilgi alabilir ve <strong>randevunuzu hemen olu\u015fturabilirsiniz<\/strong>.<\/p>\n<p><em>Do\u011fall\u0131\u011f\u0131yla gen\u00e7le\u015fmek, sa\u011fl\u0131kl\u0131 ve parlak bir cilde sahip olmak art\u0131k m\u00fcmk\u00fcn! <strong>\u0645\u0631\u0643\u0632 \u0643\u0627\u062f\u064a\u0643\u0648\u064a \u0644\u0644\u0623\u0644\u0645<\/strong> ile PRP destekli <strong>fizik tedavi ve estetik \u00e7\u00f6z\u00fcmler<\/strong> sizi bekliyor.<\/em><\/p>","protected":false},"excerpt":{"rendered":"<p>Medikal Estetikte PRP Uygulamas\u0131: Cildinizi Yenileyin, Do\u011fall\u0131\u011f\u0131yla Gen\u00e7le\u015fin PRP (Platelet [&hellip;]<\/p>\n","protected":false},"author":1,"featured_media":11211,"comment_status":"open","ping_status":"closed","sticky":false,"template":"","format":"standard","meta":{"_jetpack_memberships_contains_paid_content":false,"footnotes":""},"categories":[1],"tags":[],"class_list":["post-11210","post","type-post","status-publish","format-standard","has-post-thumbnail","hentry","category-genel"],"jetpack_featured_media_url":"https:\/\/turanuslu.net\/wp-content\/uploads\/2025\/04\/Ekran-Resmi-2025-04-11-00.08.02.png","jetpack_sharing_enabled":true,"_links":{"self":[{"href":"https:\/\/turanuslu.net\/ar\/wp-json\/wp\/v2\/posts\/11210","targetHints":{"allow":["GET"]}}],"collection":[{"href":"https:\/\/turanuslu.net\/ar\/wp-json\/wp\/v2\/posts"}],"about":[{"href":"https:\/\/turanuslu.net\/ar\/wp-json\/wp\/v2\/types\/post"}],"author":[{"embeddable":true,"href":"https:\/\/turanuslu.net\/ar\/wp-json\/wp\/v2\/users\/1"}],"replies":[{"embeddable":true,"href":"https:\/\/turanuslu.net\/ar\/wp-json\/wp\/v2\/comments?post=11210"}],"version-history":[{"count":1,"href":"https:\/\/turanuslu.net\/ar\/wp-json\/wp\/v2\/posts\/11210\/revisions"}],"predecessor-version":[{"id":11212,"href":"https:\/\/turanuslu.net\/ar\/wp-json\/wp\/v2\/posts\/11210\/revisions\/11212"}],"wp:featuredmedia":[{"embeddable":true,"href":"https:\/\/turanuslu.net\/ar\/wp-json\/wp\/v2\/media\/11211"}],"wp:attachment":[{"href":"https:\/\/turanuslu.net\/ar\/wp-json\/wp\/v2\/media?parent=11210"}],"wp:term":[{"taxonomy":"category","embeddable":true,"href":"https:\/\/turanuslu.net\/ar\/wp-json\/wp\/v2\/categories?post=11210"},{"taxonomy":"post_tag","embeddable":true,"href":"https:\/\/turanuslu.net\/ar\/wp-json\/wp\/v2\/tags?post=11210"}],"curies":[{"name":"wp","href":"https:\/\/api.w.org\/{rel}","templated":true}]}}